{"id":4891,"date":"2019-08-30T01:49:26","date_gmt":"2019-08-30T01:49:26","guid":{"rendered":"https:\/\/jorgezanoni.com.br\/2019\/?p=4891"},"modified":"2019-08-30T01:49:26","modified_gmt":"2019-08-30T01:49:26","slug":"captura-de-procurado-policia-civil-localiza-e-prende-dois-procurados-da-justica-em-pauliceia","status":"publish","type":"post","link":"https:\/\/jorgezanoni.com.br\/2019\/captura-de-procurado-policia-civil-localiza-e-prende-dois-procurados-da-justica-em-pauliceia\/","title":{"rendered":"Captura de Procurado: Policia Civil localiza e prende dois procurados da Justi\u00e7a em Paulic\u00e9ia."},"content":{"rendered":"<p style=\"text-align: justify;\">Contra os indiv\u00edduos presos haviam mandados de pris\u00e3o em aberto, relacionados aos crimes de embriaguez ao volante e viol\u00eancia sexual, expedidos pelo Poder Judici\u00e1rio da Comarca de Panorama.<br \/>\nA Pol\u00edcia Civil, por interm\u00e9dio de agentes do Setor de Investiga\u00e7\u00e3o da Delegacia de Pol\u00edcia de Paulic\u00e9ia, prendeu nesta quarta-feira (28), dois homens com idade entre de 41 e 61 anos, na cidade de Paulic\u00e9ia, durante a\u00e7\u00e3o para cumprimento de mandados de pris\u00e3o em abertos expedidos pela Justi\u00e7a.<br \/>\nEm posse dos mandados de pris\u00e3o, os policiais civis iniciaram as diligencias nos poss\u00edveis endere\u00e7os onde os procurados poderiam ser encontrados. O primeiro a ser localizado e preso, foi o homem de 41 anos, em seu desfavor havia um mandado de pris\u00e3o com senten\u00e7a definitivo, em regime semiaberto, por crime de embriagues ao volante.<br \/>\nNa sequ\u00eancia os agentes diligenciaram na \u00e1rea rural do munic\u00edpio de Pauliceia, onde prenderam o indiv\u00edduo de 61 anos, que tinha contra si, um mandado de pris\u00e3o preventiva decretado no ano 2009, por crime relacionado a viol\u00eancia sexual. Segundo relatos do capturado preso ele teria ficando todo este per\u00edodo de 10 anos foragido no Estado do Mato Grosso do Sul, retornado recentemente para cidade de Paulic\u00e9ia.<br \/>\nAmbos os capturados foram apresentados na Delegacia de Paulic\u00e9ia para formaliza\u00e7\u00e3o dos procedimentos inerentes aos atos de pol\u00edcia judiciaria e, em seguida foram encaminhados para unidades prisionais da regi\u00e3o, onde ficar\u00e3o \u00e0 disposi\u00e7\u00e3o Justi\u00e7a.<\/p>\n<p>Fonte: Com. Social Pol\u00edcia Civil<\/p>\n","protected":false},"excerpt":{"rendered":"<p>Contra os indiv\u00edduos presos haviam mandados de pris\u00e3o em aberto, relacionados aos crimes de embriaguez ao volante e viol\u00eancia sexual, expedidos pelo Poder Judici\u00e1rio da Comarca de Panorama. A Pol\u00edcia Civil, por interm\u00e9dio de agentes do Setor de Investiga\u00e7\u00e3o da Delegacia de Pol\u00edcia de Paulic\u00e9ia, prendeu nesta quarta-feira (28), dois homens com idade entre de [&hellip;]<\/p>\n","protected":false},"author":1,"featured_media":4892,"comment_status":"closed","ping_status":"open","sticky":false,"template":"","format":"standard","meta":{"footnotes":""},"categories":[110,2],"tags":[],"class_list":["post-4891","post","type-post","status-publish","format-standard","has-post-thumbnail","hentry","category-noticiasdestaque","category-policial"],"_links":{"self":[{"href":"https:\/\/jorgezanoni.com.br\/2019\/wp-json\/wp\/v2\/posts\/4891","targetHints":{"allow":["GET"]}}],"collection":[{"href":"https:\/\/jorgezanoni.com.br\/2019\/wp-json\/wp\/v2\/posts"}],"about":[{"href":"https:\/\/jorgezanoni.com.br\/2019\/wp-json\/wp\/v2\/types\/post"}],"author":[{"embeddable":true,"href":"https:\/\/jorgezanoni.com.br\/2019\/wp-json\/wp\/v2\/users\/1"}],"replies":[{"embeddable":true,"href":"https:\/\/jorgezanoni.com.br\/2019\/wp-json\/wp\/v2\/comments?post=4891"}],"version-history":[{"count":0,"href":"https:\/\/jorgezanoni.com.br\/2019\/wp-json\/wp\/v2\/posts\/4891\/revisions"}],"wp:featuredmedia":[{"embeddable":true,"href":"https:\/\/jorgezanoni.com.br\/2019\/wp-json\/wp\/v2\/media\/4892"}],"wp:attachment":[{"href":"https:\/\/jorgezanoni.com.br\/2019\/wp-json\/wp\/v2\/media?parent=4891"}],"wp:term":[{"taxonomy":"category","embeddable":true,"href":"https:\/\/jorgezanoni.com.br\/2019\/wp-json\/wp\/v2\/categories?post=4891"},{"taxonomy":"post_tag","embeddable":true,"href":"https:\/\/jorgezanoni.com.br\/2019\/wp-json\/wp\/v2\/tags?post=4891"}],"curies":[{"name":"wp","href":"https:\/\/api.w.org\/{rel}","templated":true}]}}