{"id":48893,"date":"2021-06-05T20:42:52","date_gmt":"2021-06-05T20:42:52","guid":{"rendered":"https:\/\/jorgezanoni.com.br\/2019\/?p=48893"},"modified":"2021-06-05T20:42:52","modified_gmt":"2021-06-05T20:42:52","slug":"morre-anizio-carlos-filho-do-anizio-do-bazar","status":"publish","type":"post","link":"https:\/\/jorgezanoni.com.br\/2019\/morre-anizio-carlos-filho-do-anizio-do-bazar\/","title":{"rendered":"Morre Anizio Carlos, filho do Anizio do Bazar"},"content":{"rendered":"<p style=\"text-align: justify;\">Comunicamos com pesar o falecimento de Anizio Carlos Pereira Pinto de 56 anos. Ele estava internado em tratamento da Covid-19 e n\u00e3o resistiu vindo a \u00f3bito.<\/p>\n<p style=\"text-align: justify;\">Deixa esposa, filho, m\u00e3e, irm\u00e3os, nora, demais familiares e amigos.<\/p>\n<p style=\"text-align: justify;\">Seu pai, o Anizio do Bazar faleceu esta semana com o mesmo diagn\u00f3stico.<\/p>\n<p>O Sepultamento ocorre amanh\u00e3 (6) \u00e0s 10 Hs. no Cemit\u00e9rio Municipal de Dracena<\/p>\n<p>Aos familiares os sentimentos do Site JZ<\/p>\n<p><img loading=\"lazy\" decoding=\"async\" class=\"alignnone size-full wp-image-48894\" src=\"https:\/\/jorgezanoni.com.br\/2019\/wp-content\/uploads\/2021\/06\/Anizio-e-pai.jpg\" alt=\"\" width=\"718\" height=\"1129\" srcset=\"https:\/\/jorgezanoni.com.br\/2019\/wp-content\/uploads\/2021\/06\/Anizio-e-pai.jpg 718w, https:\/\/jorgezanoni.com.br\/2019\/wp-content\/uploads\/2021\/06\/Anizio-e-pai-191x300.jpg 191w, https:\/\/jorgezanoni.com.br\/2019\/wp-content\/uploads\/2021\/06\/Anizio-e-pai-651x1024.jpg 651w, https:\/\/jorgezanoni.com.br\/2019\/wp-content\/uploads\/2021\/06\/Anizio-e-pai-696x1094.jpg 696w, https:\/\/jorgezanoni.com.br\/2019\/wp-content\/uploads\/2021\/06\/Anizio-e-pai-267x420.jpg 267w\" sizes=\"auto, (max-width: 718px) 100vw, 718px\" \/> <img loading=\"lazy\" decoding=\"async\" class=\"alignnone size-full wp-image-48896\" src=\"https:\/\/jorgezanoni.com.br\/2019\/wp-content\/uploads\/2021\/06\/Funeraria.jpg\" alt=\"\" width=\"1280\" height=\"1279\" srcset=\"https:\/\/jorgezanoni.com.br\/2019\/wp-content\/uploads\/2021\/06\/Funeraria.jpg 1280w, https:\/\/jorgezanoni.com.br\/2019\/wp-content\/uploads\/2021\/06\/Funeraria-300x300.jpg 300w, https:\/\/jorgezanoni.com.br\/2019\/wp-content\/uploads\/2021\/06\/Funeraria-1024x1024.jpg 1024w, https:\/\/jorgezanoni.com.br\/2019\/wp-content\/uploads\/2021\/06\/Funeraria-150x150.jpg 150w, https:\/\/jorgezanoni.com.br\/2019\/wp-content\/uploads\/2021\/06\/Funeraria-768x767.jpg 768w, https:\/\/jorgezanoni.com.br\/2019\/wp-content\/uploads\/2021\/06\/Funeraria-696x695.jpg 696w, https:\/\/jorgezanoni.com.br\/2019\/wp-content\/uploads\/2021\/06\/Funeraria-1068x1067.jpg 1068w, https:\/\/jorgezanoni.com.br\/2019\/wp-content\/uploads\/2021\/06\/Funeraria-420x420.jpg 420w\" sizes=\"auto, (max-width: 1280px) 100vw, 1280px\" \/><\/p>\n<p>&nbsp;<\/p>\n","protected":false},"excerpt":{"rendered":"<p>Comunicamos com pesar o falecimento de Anizio Carlos Pereira Pinto de 56 anos. Ele estava internado em tratamento da Covid-19 e n\u00e3o resistiu vindo a \u00f3bito. Deixa esposa, filho, m\u00e3e, irm\u00e3os, nora, demais familiares e amigos. Seu pai, o Anizio do Bazar faleceu esta semana com o mesmo diagn\u00f3stico. O Sepultamento ocorre amanh\u00e3 (6) \u00e0s [&hellip;]<\/p>\n","protected":false},"author":1,"featured_media":48895,"comment_status":"closed","ping_status":"open","sticky":false,"template":"","format":"standard","meta":{"footnotes":""},"categories":[178,110],"tags":[],"class_list":["post-48893","post","type-post","status-publish","format-standard","has-post-thumbnail","hentry","category-notadefalecimento","category-noticiasdestaque"],"_links":{"self":[{"href":"https:\/\/jorgezanoni.com.br\/2019\/wp-json\/wp\/v2\/posts\/48893","targetHints":{"allow":["GET"]}}],"collection":[{"href":"https:\/\/jorgezanoni.com.br\/2019\/wp-json\/wp\/v2\/posts"}],"about":[{"href":"https:\/\/jorgezanoni.com.br\/2019\/wp-json\/wp\/v2\/types\/post"}],"author":[{"embeddable":true,"href":"https:\/\/jorgezanoni.com.br\/2019\/wp-json\/wp\/v2\/users\/1"}],"replies":[{"embeddable":true,"href":"https:\/\/jorgezanoni.com.br\/2019\/wp-json\/wp\/v2\/comments?post=48893"}],"version-history":[{"count":0,"href":"https:\/\/jorgezanoni.com.br\/2019\/wp-json\/wp\/v2\/posts\/48893\/revisions"}],"wp:featuredmedia":[{"embeddable":true,"href":"https:\/\/jorgezanoni.com.br\/2019\/wp-json\/wp\/v2\/media\/48895"}],"wp:attachment":[{"href":"https:\/\/jorgezanoni.com.br\/2019\/wp-json\/wp\/v2\/media?parent=48893"}],"wp:term":[{"taxonomy":"category","embeddable":true,"href":"https:\/\/jorgezanoni.com.br\/2019\/wp-json\/wp\/v2\/categories?post=48893"},{"taxonomy":"post_tag","embeddable":true,"href":"https:\/\/jorgezanoni.com.br\/2019\/wp-json\/wp\/v2\/tags?post=48893"}],"curies":[{"name":"wp","href":"https:\/\/api.w.org\/{rel}","templated":true}]}}