{"id":48867,"date":"2021-06-05T12:30:32","date_gmt":"2021-06-05T12:30:32","guid":{"rendered":"https:\/\/jorgezanoni.com.br\/2019\/?p=48867"},"modified":"2021-06-05T12:31:18","modified_gmt":"2021-06-05T12:31:18","slug":"morre-osvaldo-zanoni-ex-morador-de-dracena","status":"publish","type":"post","link":"https:\/\/jorgezanoni.com.br\/2019\/morre-osvaldo-zanoni-ex-morador-de-dracena\/","title":{"rendered":"Morre Osvaldo Zanoni ex-morador de Dracena"},"content":{"rendered":"<p style=\"text-align: justify;\">Comunicamos com pesar o falecimento de Osvaldo Zanoni aos 77 anos. Ele estava hospitalizado em tratamento da Covid-19 na cidade de Presidente Prudente, onde residia.<\/p>\n<p style=\"text-align: justify;\">Deixa a esposa Neide, filhos Rose, Fernando e Regiane, genro, nora, netos e bisneto, irm\u00e3s, demais familiares e amigos.<\/p>\n<p style=\"text-align: justify;\">Trabalhou por muitos anos nas Casa Pernambucanas de Dracena e Presidente Prudente e tamb\u00e9m na Tanger.\u00a0Era irm\u00e3o do saudoso Aristides Zanoni.<\/p>\n<p style=\"text-align: justify;\">\u00c0 fam\u00edlia do nosso querido tio Osvaldo, nossos sentimentos por t\u00e3o grande perda. A eles nossas ora\u00e7\u00f5es e a certeza que a miss\u00e3o do &#8220;Zanoni&#8221; como eu o chamava, foi muito bem cumprida.<\/p>\n<p>O Sepultamento ocorrer\u00e1 em Dracena, \u00e0s 13:30 Horas de hoje (5), no Cemit\u00e9rio Municipal.<\/p>\n<p style=\"text-align: justify;\">Jorge Zanoni<\/p>\n<p><img loading=\"lazy\" decoding=\"async\" class=\"alignnone size-full wp-image-48869\" src=\"https:\/\/jorgezanoni.com.br\/2019\/wp-content\/uploads\/2021\/06\/Osvaldo-Zanoni1.jpg\" alt=\"\" width=\"394\" height=\"583\" srcset=\"https:\/\/jorgezanoni.com.br\/2019\/wp-content\/uploads\/2021\/06\/Osvaldo-Zanoni1.jpg 394w, https:\/\/jorgezanoni.com.br\/2019\/wp-content\/uploads\/2021\/06\/Osvaldo-Zanoni1-203x300.jpg 203w, https:\/\/jorgezanoni.com.br\/2019\/wp-content\/uploads\/2021\/06\/Osvaldo-Zanoni1-284x420.jpg 284w\" sizes=\"auto, (max-width: 394px) 100vw, 394px\" \/><\/p>\n<p style=\"text-align: justify;\">\n","protected":false},"excerpt":{"rendered":"<p>Comunicamos com pesar o falecimento de Osvaldo Zanoni aos 77 anos. Ele estava hospitalizado em tratamento da Covid-19 na cidade de Presidente Prudente, onde residia. Deixa a esposa Neide, filhos Rose, Fernando e Regiane, genro, nora, netos e bisneto, irm\u00e3s, demais familiares e amigos. Trabalhou por muitos anos nas Casa Pernambucanas de Dracena e Presidente [&hellip;]<\/p>\n","protected":false},"author":1,"featured_media":48868,"comment_status":"closed","ping_status":"open","sticky":false,"template":"","format":"standard","meta":{"footnotes":""},"categories":[178,110],"tags":[],"class_list":["post-48867","post","type-post","status-publish","format-standard","has-post-thumbnail","hentry","category-notadefalecimento","category-noticiasdestaque"],"_links":{"self":[{"href":"https:\/\/jorgezanoni.com.br\/2019\/wp-json\/wp\/v2\/posts\/48867","targetHints":{"allow":["GET"]}}],"collection":[{"href":"https:\/\/jorgezanoni.com.br\/2019\/wp-json\/wp\/v2\/posts"}],"about":[{"href":"https:\/\/jorgezanoni.com.br\/2019\/wp-json\/wp\/v2\/types\/post"}],"author":[{"embeddable":true,"href":"https:\/\/jorgezanoni.com.br\/2019\/wp-json\/wp\/v2\/users\/1"}],"replies":[{"embeddable":true,"href":"https:\/\/jorgezanoni.com.br\/2019\/wp-json\/wp\/v2\/comments?post=48867"}],"version-history":[{"count":0,"href":"https:\/\/jorgezanoni.com.br\/2019\/wp-json\/wp\/v2\/posts\/48867\/revisions"}],"wp:featuredmedia":[{"embeddable":true,"href":"https:\/\/jorgezanoni.com.br\/2019\/wp-json\/wp\/v2\/media\/48868"}],"wp:attachment":[{"href":"https:\/\/jorgezanoni.com.br\/2019\/wp-json\/wp\/v2\/media?parent=48867"}],"wp:term":[{"taxonomy":"category","embeddable":true,"href":"https:\/\/jorgezanoni.com.br\/2019\/wp-json\/wp\/v2\/categories?post=48867"},{"taxonomy":"post_tag","embeddable":true,"href":"https:\/\/jorgezanoni.com.br\/2019\/wp-json\/wp\/v2\/tags?post=48867"}],"curies":[{"name":"wp","href":"https:\/\/api.w.org\/{rel}","templated":true}]}}