{"id":48847,"date":"2021-06-04T22:46:11","date_gmt":"2021-06-04T22:46:11","guid":{"rendered":"https:\/\/jorgezanoni.com.br\/2019\/?p=48847"},"modified":"2021-06-04T22:46:11","modified_gmt":"2021-06-04T22:46:11","slug":"o-que-esperar-da-safrinha-de-milho-atrasos-e-clima-prejudicaram-a-producao","status":"publish","type":"post","link":"https:\/\/jorgezanoni.com.br\/2019\/o-que-esperar-da-safrinha-de-milho-atrasos-e-clima-prejudicaram-a-producao\/","title":{"rendered":"O que esperar da safrinha de milho? Atrasos e clima prejudicaram a produ\u00e7\u00e3o"},"content":{"rendered":"<p style=\"text-align: justify;\"><strong>Not\u00edcias Agr\u00edcolas ouviu especialistas para entender qual dever\u00e1 ser o tamanho da produ\u00e7\u00e3o nacional de milho nesta segunda safra.<\/strong><\/p>\n<p style=\"text-align: justify;\">Seca, estiagem, perda, preju\u00edzo, s\u00e3o algumas das palavras mais utilizadas quando o assunto \u00e9 a atual segunda safra de milho no Brasil. A safrinha j\u00e1 foi plantada mais tarde e, muitas vezes, fora da janela ideal de cultivo, e sofreu com condi\u00e7\u00f5es clim\u00e1ticas adversas em muitas regi\u00f5es produtoras.<\/p>\n<p style=\"text-align: justify;\">Essas intemp\u00e9ries clim\u00e1ticas j\u00e1 levaram \u00e0 uma s\u00e9rie de redu\u00e7\u00f5es nas estimativas de produ\u00e7\u00e3o para o cereal nesta segunda safra que come\u00e7a a ser colhida, ainda de maneira bastante pontual e localizada. Os n\u00fameros oficiais, divulgados mensalmente pela Conab (Companhia Nacional de Abastecimento) j\u00e1 foram de 82,8 milh\u00f5es de toneladas em mar\u00e7o, 82,6 milh\u00f5es em abril e 79,7 milh\u00f5es de toneladas em maio.<\/p>\n<p style=\"text-align: justify;\"><img decoding=\"async\" src=\"https:\/\/cdn.noticiasagricolas.com.br\/dbimagens\/e6d78724cc9ac336fcaeb0cf5f4fc586.jpeg\" alt=\"granizo_campo_mour\u00e3o_milho\" \/><\/p>\n<p style=\"text-align: justify;\"><strong>Leia Mais:<\/strong><\/p>\n<p style=\"text-align: justify;\"><a href=\"https:\/\/www.noticiasagricolas.com.br\/noticia\/287625\" target=\"_blank\" rel=\"nofollow noreferrer noopener\"><strong>+ Conab reduz proje\u00e7\u00e3o de produ\u00e7\u00e3o de milho na safrinha e encurta estoques finais da safra 20\/21<\/strong><\/a><\/p>\n<p style=\"text-align: justify;\">No total das tr\u00eas safras brasileiras, a Conab espera uma produ\u00e7\u00e3o de 106,4 milh\u00f5es de toneladas, aumento de 3,7% em rala\u00e7\u00e3o ao ciclo 19\/20, mas redu\u00e7\u00e3o na compara\u00e7\u00e3o com as estimativas anteriores que j\u00e1 foram de 109 milh\u00f5es. O USDA (Departamento de Agricultura dos Estados Unidos) tamb\u00e9m reduziu a proje\u00e7\u00e3o da safra total de 109 milh\u00f5es de toneladas para 102 milh\u00f5es de toneladas.<\/p>\n<p style=\"text-align: justify;\">No mesmo caminho, mas em patamares muito mais intensos, as consultorias privadas tamb\u00e9m v\u00eam reduzindo suas expectativas de produ\u00e7\u00e3o do cereal nesta temporada. Nesta ter\u00e7a-feira (01) a StoneX, por exemplo, estimou que a produ\u00e7\u00e3o do cereal na safrinha deve atingir 62 milh\u00f5es de toneladas, queda de 14,7% em rela\u00e7\u00e3o ao n\u00famero de maio e de 17,1% em compara\u00e7\u00e3o \u00e0 safra anterior.<\/p>\n<p style=\"text-align: justify;\">\u201cAinda que algumas regi\u00f5es tenham recebido bons volumes de chuvas no final de maio, a precipita\u00e7\u00e3o registrada n\u00e3o foi capaz de promover melhoras na safra, apenas limitar danos mais intensos\u201d, avaliou a StoneX.<\/p>\n<p style=\"text-align: justify;\"><a href=\"https:\/\/www.noticiasagricolas.com.br\/noticia\/289417\" target=\"_blank\" rel=\"nofollow noreferrer noopener\"><strong>+ StoneX j\u00e1 reduziu 18 milh\u00f5es de toneladas da safrinha de milho e espera pre\u00e7os altos no 2\u00ba semestre<\/strong><\/a><\/p>\n<p style=\"text-align: justify;\"><strong><img decoding=\"async\" src=\"https:\/\/cdn.noticiasagricolas.com.br\/dbimagens\/90b70022172095d0473aa1ff5183b0fb.jpeg\" alt=\"lavoura_milho_seca_pato_branco_paran\u00e1_oradi_caldato\" \/><\/strong><\/p>\n<p style=\"text-align: justify;\">Para a produ\u00e7\u00e3o total, a consultoria estima 89,7 milh\u00f5es de toneladas para o Brasil, o que seria o menor volume desde a temporada 2017\/18. \u201cMesmo diante de um cen\u00e1rio de significativa retra\u00e7\u00e3o na disponibilidade do cereal no Brasil e em um quadro de pre\u00e7os muito fortalecidos, a demanda dom\u00e9stica por milho segue firme. Apesar da leve redu\u00e7\u00e3o na estimativa de consumo interno da StoneX, para 71,5 milh\u00f5es de toneladas, o volume ainda seria um recorde\u201d.<\/p>\n<p style=\"text-align: justify;\">Na \u00faltima sexta-feira (28) tinha sido a vez da SAFRAS &amp; Mercado divulgar suas atualiza\u00e7\u00f5es para a safrinha, dando conta de que a produ\u00e7\u00e3o dever\u00e1 ser de apenas 61,59 milh\u00f5es de toneladas, ante as 70,8 milh\u00f5es indicadas no m\u00eas de abril.<\/p>\n<p style=\"text-align: justify;\"><a href=\"https:\/\/www.noticiasagricolas.com.br\/noticia\/289071\" target=\"_blank\" rel=\"nofollow noreferrer noopener\"><strong>+ Safras &amp; Mercado reduz proje\u00e7\u00e3o para milho 20\/21 do Brasil<\/strong><\/a><\/p>\n<p style=\"text-align: justify;\">Outra publica\u00e7\u00e3o da SAFRAS &amp; Mercado, no primeiro dia de junho, apontou que a produ\u00e7\u00e3o total do pa\u00eds \u00e9 estimada em 95,236 milh\u00f5es de toneladas para 2021, abaixo das 106,833 milh\u00f5es de toneladas registradas no ciclo anterior.<\/p>\n<p style=\"text-align: justify;\">Aliado a isso, a consultoria espera importa\u00e7\u00e3o de 2,25 milh\u00f5es de toneladas para se somar aos estoques de 6,512 milh\u00f5es de toneladas e formar a disponibilidade de 103,998 milh\u00f5es de toneladas de milho na safra 2021, volume abaixo das 117,374 milh\u00f5es de toneladas dispon\u00edveis na temporada passada.<\/p>\n<p style=\"text-align: justify;\">Mais cedo em maio, a Agroconsult\u00a0tamb\u00e9m reduziu boa parte de sua proje\u00e7\u00e3o saindo de 78,3 milh\u00f5es de toneladas para 66,2 milh\u00f5es de toneladas, com a seca reduzindo a colheita em 15%. \u201c\u00c9 uma safra que n\u00e3o ter\u00e1 todo seu potencial expressado no campo. A irregularidade clim\u00e1tica afetou o milho de forma severa\u201d, declarou Andr\u00e9 Debastiani, analista da consultoria.<\/p>\n<p style=\"text-align: justify;\"><a href=\"https:\/\/www.noticiasagricolas.com.br\/noticia\/288273\" target=\"_blank\" rel=\"nofollow noreferrer noopener\"><strong>+ Corte em 2\u00aa safra de milho reduzir\u00e1 exporta\u00e7\u00e3o do Brasil a 26 mi t, diz Agroconsult<\/strong><\/a><\/p>\n<p style=\"text-align: justify;\"><strong><img decoding=\"async\" src=\"https:\/\/www.noticiasagricolas.com.br\/noticias\/milho\/milho\" alt=\"\" \/><img decoding=\"async\" src=\"https:\/\/cdn.noticiasagricolas.com.br\/dbimagens\/acd59b9290843c27fe054d1287f88d38.jpg\" alt=\"milho 16:9\" \/><\/strong><\/p>\n<p style=\"text-align: justify;\">Outra consultoria, a AgRural, \u00e9 ainda mais dr\u00e1stica nas redu\u00e7\u00f5es de produtividade. Come\u00e7aram a safrinha com potencial de 77 milh\u00f5es de toneladas, ca\u00edram para 73 em abril, depois 65,1 em maio e agora est\u00e3o em apenas 60 milh\u00f5es de toneladas.<\/p>\n<p style=\"text-align: justify;\">\u201cO novo corte de produtividade deveu-se \u00e0 revis\u00e3o para baixo do rendimento m\u00e9dio esperado de todos os estados produtores do Centro-Sul, e s\u00f3 n\u00e3o foi maior porque algumas chuvas esparsas levaram al\u00edvio a uma\u00a0parte das lavouras mais tardias. Para a maioria das \u00e1reas, por\u00e9m, as precipita\u00e7\u00f5es chegaram tarde demais\u201d, explica a AgRural.<\/p>\n<p style=\"text-align: justify;\">Fonte: https:\/\/www.noticiasagricolas.com.br\/noticias\/milho\/<\/p>\n","protected":false},"excerpt":{"rendered":"<p>Not\u00edcias Agr\u00edcolas ouviu especialistas para entender qual dever\u00e1 ser o tamanho da produ\u00e7\u00e3o nacional de milho nesta segunda safra. Seca, estiagem, perda, preju\u00edzo, s\u00e3o algumas das palavras mais utilizadas quando o assunto \u00e9 a atual segunda safra de milho no Brasil. A safrinha j\u00e1 foi plantada mais tarde e, muitas vezes, fora da janela ideal [&hellip;]<\/p>\n","protected":false},"author":1,"featured_media":48848,"comment_status":"closed","ping_status":"open","sticky":false,"template":"","format":"standard","meta":{"footnotes":""},"categories":[176],"tags":[],"class_list":["post-48847","post","type-post","status-publish","format-standard","has-post-thumbnail","hentry","category-meioambienteeagricultura"],"_links":{"self":[{"href":"https:\/\/jorgezanoni.com.br\/2019\/wp-json\/wp\/v2\/posts\/48847","targetHints":{"allow":["GET"]}}],"collection":[{"href":"https:\/\/jorgezanoni.com.br\/2019\/wp-json\/wp\/v2\/posts"}],"about":[{"href":"https:\/\/jorgezanoni.com.br\/2019\/wp-json\/wp\/v2\/types\/post"}],"author":[{"embeddable":true,"href":"https:\/\/jorgezanoni.com.br\/2019\/wp-json\/wp\/v2\/users\/1"}],"replies":[{"embeddable":true,"href":"https:\/\/jorgezanoni.com.br\/2019\/wp-json\/wp\/v2\/comments?post=48847"}],"version-history":[{"count":0,"href":"https:\/\/jorgezanoni.com.br\/2019\/wp-json\/wp\/v2\/posts\/48847\/revisions"}],"wp:featuredmedia":[{"embeddable":true,"href":"https:\/\/jorgezanoni.com.br\/2019\/wp-json\/wp\/v2\/media\/48848"}],"wp:attachment":[{"href":"https:\/\/jorgezanoni.com.br\/2019\/wp-json\/wp\/v2\/media?parent=48847"}],"wp:term":[{"taxonomy":"category","embeddable":true,"href":"https:\/\/jorgezanoni.com.br\/2019\/wp-json\/wp\/v2\/categories?post=48847"},{"taxonomy":"post_tag","embeddable":true,"href":"https:\/\/jorgezanoni.com.br\/2019\/wp-json\/wp\/v2\/tags?post=48847"}],"curies":[{"name":"wp","href":"https:\/\/api.w.org\/{rel}","templated":true}]}}