{"id":48844,"date":"2021-06-04T16:13:48","date_gmt":"2021-06-04T16:13:48","guid":{"rendered":"https:\/\/jorgezanoni.com.br\/2019\/?p=48844"},"modified":"2021-06-04T16:13:48","modified_gmt":"2021-06-04T16:13:48","slug":"duas-mulheres-sao-presas-em-flagrante-apos-esfaquearem-uma-jovem-na-praca-central-de-tupi-paulista","status":"publish","type":"post","link":"https:\/\/jorgezanoni.com.br\/2019\/duas-mulheres-sao-presas-em-flagrante-apos-esfaquearem-uma-jovem-na-praca-central-de-tupi-paulista\/","title":{"rendered":"Duas mulheres s\u00e3o presas em flagrante ap\u00f3s esfaquearem uma jovem na pra\u00e7a central de Tupi Paulista"},"content":{"rendered":"<h2 class=\"content-head__subtitle\" style=\"text-align: justify;\"><strong>V\u00edtima, de 24 anos, foi atingida na perna direita, no bra\u00e7o esquerdo, no rosto e no seio direito. Autoras das agress\u00f5es, de 19 e 37 anos, permaneceram \u00e0 disposi\u00e7\u00e3o da Justi\u00e7a.<\/strong><\/h2>\n<div class=\"mc-column content-text active-extra-styles \" data-block-type=\"unstyled\" data-block-weight=\"22\" data-block-id=\"2\">\n<p class=\"content-text__container \" style=\"text-align: justify;\" data-track-category=\"Link no Texto\" data-track-links=\"\">Duas mulheres, de 19 e 37 anos, foram presas por tentativa de homic\u00eddio na noite desta quinta-feira (3), em\u00a0<a href=\"https:\/\/g1.globo.com\/sp\/presidente-prudente-regiao\/cidade\/tupi-paulista\/\">Tupi Paulista<\/a>.<\/p>\n<\/div>\n<div class=\"wall protected-content\">\n<div class=\"mc-column content-text active-extra-styles \" style=\"text-align: justify;\" data-block-type=\"unstyled\" data-block-weight=\"23\" data-block-id=\"3\">\n<p class=\"content-text__container \" data-track-category=\"Link no Texto\" data-track-links=\"\">De acordo com a Pol\u00edcia Militar, as mulheres s\u00e3o suspeitas de esfaquearem uma jovem, de 24 anos, na pra\u00e7a central da cidade.<\/p>\n<\/div>\n<div class=\"mc-column content-text active-extra-styles \" style=\"text-align: justify;\" data-block-type=\"unstyled\" data-block-weight=\"35\" data-block-id=\"4\">\n<p class=\"content-text__container \" data-track-category=\"Link no Texto\" data-track-links=\"\">Conforme a corpora\u00e7\u00e3o, as autoras se encontraram com a v\u00edtima na pra\u00e7a e a agrediram com diversas facadas. A jovem foi atingida na perna direita, no bra\u00e7o esquerdo, no rosto e no seio direito.<\/p>\n<\/div>\n<div class=\"mc-column content-text active-extra-styles \" style=\"text-align: justify;\" data-block-type=\"unstyled\" data-block-weight=\"18\" data-block-id=\"5\">\n<p class=\"content-text__container \" data-track-category=\"Link no Texto\" data-track-links=\"\">A v\u00edtima foi ao Pronto-socorro do munic\u00edpio por meios pr\u00f3prios. Ela foi atendida, medicada, e, posteriormente, liberada.<\/p>\n<\/div>\n<div class=\"mc-column content-text active-extra-styles \" data-block-type=\"unstyled\" data-block-weight=\"15\" data-block-id=\"6\">\n<p class=\"content-text__container \" style=\"text-align: justify;\" data-track-category=\"Link no Texto\" data-track-links=\"\">As autoras das agress\u00f5es foram presas em flagrante e permaneceram \u00e0 disposi\u00e7\u00e3o da Justi\u00e7a.<\/p>\n<p data-track-category=\"Link no Texto\" data-track-links=\"\">Fonte: G1<\/p>\n<\/div>\n<\/div>\n","protected":false},"excerpt":{"rendered":"<p>V\u00edtima, de 24 anos, foi atingida na perna direita, no bra\u00e7o esquerdo, no rosto e no seio direito. Autoras das agress\u00f5es, de 19 e 37 anos, permaneceram \u00e0 disposi\u00e7\u00e3o da Justi\u00e7a. Duas mulheres, de 19 e 37 anos, foram presas por tentativa de homic\u00eddio na noite desta quinta-feira (3), em\u00a0Tupi Paulista. De acordo com a [&hellip;]<\/p>\n","protected":false},"author":1,"featured_media":48845,"comment_status":"closed","ping_status":"open","sticky":false,"template":"","format":"standard","meta":{"footnotes":""},"categories":[110,2],"tags":[],"class_list":["post-48844","post","type-post","status-publish","format-standard","has-post-thumbnail","hentry","category-noticiasdestaque","category-policial"],"_links":{"self":[{"href":"https:\/\/jorgezanoni.com.br\/2019\/wp-json\/wp\/v2\/posts\/48844","targetHints":{"allow":["GET"]}}],"collection":[{"href":"https:\/\/jorgezanoni.com.br\/2019\/wp-json\/wp\/v2\/posts"}],"about":[{"href":"https:\/\/jorgezanoni.com.br\/2019\/wp-json\/wp\/v2\/types\/post"}],"author":[{"embeddable":true,"href":"https:\/\/jorgezanoni.com.br\/2019\/wp-json\/wp\/v2\/users\/1"}],"replies":[{"embeddable":true,"href":"https:\/\/jorgezanoni.com.br\/2019\/wp-json\/wp\/v2\/comments?post=48844"}],"version-history":[{"count":0,"href":"https:\/\/jorgezanoni.com.br\/2019\/wp-json\/wp\/v2\/posts\/48844\/revisions"}],"wp:featuredmedia":[{"embeddable":true,"href":"https:\/\/jorgezanoni.com.br\/2019\/wp-json\/wp\/v2\/media\/48845"}],"wp:attachment":[{"href":"https:\/\/jorgezanoni.com.br\/2019\/wp-json\/wp\/v2\/media?parent=48844"}],"wp:term":[{"taxonomy":"category","embeddable":true,"href":"https:\/\/jorgezanoni.com.br\/2019\/wp-json\/wp\/v2\/categories?post=48844"},{"taxonomy":"post_tag","embeddable":true,"href":"https:\/\/jorgezanoni.com.br\/2019\/wp-json\/wp\/v2\/tags?post=48844"}],"curies":[{"name":"wp","href":"https:\/\/api.w.org\/{rel}","templated":true}]}}