{"id":48841,"date":"2021-06-04T16:02:43","date_gmt":"2021-06-04T16:02:43","guid":{"rendered":"https:\/\/jorgezanoni.com.br\/2019\/?p=48841"},"modified":"2021-06-04T16:02:43","modified_gmt":"2021-06-04T16:02:43","slug":"ambulancia-estacionada-em-local-reservado-cai-em-patio-inferior-do-hospital-regional-em-presidente-prudente","status":"publish","type":"post","link":"https:\/\/jorgezanoni.com.br\/2019\/ambulancia-estacionada-em-local-reservado-cai-em-patio-inferior-do-hospital-regional-em-presidente-prudente\/","title":{"rendered":"Ambul\u00e2ncia estacionada em local reservado cai em p\u00e1tio inferior do Hospital Regional, em Presidente Prudente"},"content":{"rendered":"<h2 class=\"content-head__subtitle\" style=\"text-align: justify;\"><strong>De acordo com a Secretaria de Sa\u00fade de Narandiba, o motorista estava do lado de fora do ve\u00edculo no momento da queda do autom\u00f3vel, na madrugada desta sexta-feira (4). Ningu\u00e9m se feriu.<\/strong><\/h2>\n<div class=\"mc-column content-text active-extra-styles \" style=\"text-align: justify;\" data-block-type=\"unstyled\" data-block-weight=\"36\" data-block-id=\"2\">\n<p class=\"content-text__container \" data-track-category=\"Link no Texto\" data-track-links=\"\">Uma ambul\u00e2ncia pertencente \u00e0 Prefeitura de\u00a0<a href=\"https:\/\/g1.globo.com\/sp\/presidente-prudente-regiao\/cidade\/narandiba\/\">Narandiba<\/a>, que estava estacionada em local reservado no Hospital Regional (HR), em\u00a0<a href=\"https:\/\/g1.globo.com\/sp\/presidente-prudente-regiao\/cidade\/presidente-prudente\/\">Presidente Prudente<\/a>, se deslocou sozinha e caiu no p\u00e1tio inferior da unidade, na madrugada desta sexta-feira (4).<\/p>\n<\/div>\n<div class=\"wall protected-content\">\n<div class=\"mc-column content-text active-extra-styles \" style=\"text-align: justify;\" data-block-type=\"unstyled\" data-block-weight=\"44\" data-block-id=\"3\">\n<p class=\"content-text__container \" data-track-category=\"Link no Texto\" data-track-links=\"\">De acordo com a Secretaria de Sa\u00fade de Narandiba, por volta das 3h, ap\u00f3s levar um usu\u00e1rio do munic\u00edpio at\u00e9 ao HR, o motorista estacionou o ve\u00edculo no p\u00e1tio superior da unidade, onde ficam estacionadas as ambul\u00e2ncias e demais ve\u00edculos de transporte de pacientes.<\/p>\n<\/div>\n<div class=\"mc-column content-text active-extra-styles \" style=\"text-align: justify;\" data-block-type=\"unstyled\" data-block-weight=\"54\" data-block-id=\"4\">\n<p class=\"content-text__container \" data-track-category=\"Link no Texto\" data-track-links=\"\">O condutor, conforme a secretaria, disse que acionou o freio estacion\u00e1rio e foi acompanhar o paciente. Quando retornou para o estacionamento, chegou a abrir o ve\u00edculo e esperou do lado de fora, momento em que o autom\u00f3vel come\u00e7ou a se &#8220;deslocar sozinho e acabou por cair na \u00e1rea de depress\u00e3o do p\u00e1tio inferior&#8221;.<\/p>\n<\/div>\n<div class=\"row medium-uncollapsed content-media content-photo\" data-block-type=\"backstage-photo\" data-block-id=\"5\">\n<div class=\"mc-column content-media__container\">\n<div class=\"content-media-container glb-skeleton-box\" style=\"text-align: justify;\">\n<figure class=\"content-media-figure\"><img decoding=\"async\" class=\"i-amphtml-fill-content i-amphtml-replaced-content\" src=\"https:\/\/s2.glbimg.com\/D1HHNQd_4MiV7l87kykwzrikHbg=\/0x0:960x623\/984x0\/smart\/filters:strip_icc()\/i.s3.glbimg.com\/v1\/AUTH_59edd422c0c84a879bd37670ae4f538a\/internal_photos\/bs\/2021\/B\/p\/emXsMUQoye9gWLTLuztQ\/whatsapp-image-2021-06-04-at-07.29.48.jpeg\" sizes=\"(max-width: 1366px) 648px, 100vw\" srcset=\"https:\/\/s2.glbimg.com\/p3HJYZPPBA49Vm8sl65saStRQ8c=\/0x0:960x623\/1000x0\/smart\/filters:strip_icc()\/i.s3.glbimg.com\/v1\/AUTH_59edd422c0c84a879bd37670ae4f538a\/internal_photos\/bs\/2021\/B\/p\/emXsMUQoye9gWLTLuztQ\/whatsapp-image-2021-06-04-at-07.29.48.jpeg 1000w, https:\/\/s2.glbimg.com\/D1HHNQd_4MiV7l87kykwzrikHbg=\/0x0:960x623\/984x0\/smart\/filters:strip_icc()\/i.s3.glbimg.com\/v1\/AUTH_59edd422c0c84a879bd37670ae4f538a\/internal_photos\/bs\/2021\/B\/p\/emXsMUQoye9gWLTLuztQ\/whatsapp-image-2021-06-04-at-07.29.48.jpeg 984w, https:\/\/s2.glbimg.com\/1islp5bQ1_dZewulehbJEDNc2UA=\/0x0:960x623\/640x0\/smart\/filters:strip_icc()\/i.s3.glbimg.com\/v1\/AUTH_59edd422c0c84a879bd37670ae4f538a\/internal_photos\/bs\/2021\/B\/p\/emXsMUQoye9gWLTLuztQ\/whatsapp-image-2021-06-04-at-07.29.48.jpeg 640w, https:\/\/s2.glbimg.com\/TX4fwn3vCgZQVcXScaeG5yhZ3Rc=\/0x0:960x623\/600x0\/smart\/filters:strip_icc()\/i.s3.glbimg.com\/v1\/AUTH_59edd422c0c84a879bd37670ae4f538a\/internal_photos\/bs\/2021\/B\/p\/emXsMUQoye9gWLTLuztQ\/whatsapp-image-2021-06-04-at-07.29.48.jpeg 600w\" alt=\"Ambul\u00e2ncia se desloca sozinha e cai em p\u00e1tio inferior do HR \u2014 Foto: Francisco Xavier de Sousa Neto\/Cedida \" \/><\/figure>\n<\/div>\n<p class=\"content-media__description \" style=\"text-align: justify;\">Ambul\u00e2ncia se desloca sozinha e cai em p\u00e1tio inferior do HR \u2014 Foto: Francisco Xavier de Sousa Neto\/Cedida<\/p>\n<div class=\"mc-column content-text active-extra-styles \" style=\"text-align: justify;\" data-block-type=\"unstyled\" data-block-weight=\"4\" data-block-id=\"7\">\n<p class=\"content-text__container \" data-track-category=\"Link no Texto\" data-track-links=\"\">Ningu\u00e9m se feriu.<\/p>\n<\/div>\n<div class=\"mc-column content-text active-extra-styles \" style=\"text-align: justify;\" data-block-type=\"unstyled\" data-block-weight=\"27\" data-block-id=\"8\">\n<p class=\"content-text__container \" data-track-category=\"Link no Texto\" data-track-links=\"\">Conforme a Pasta, o atendimento aos usu\u00e1rios n\u00e3o ser\u00e1 prejudicado, pois o munic\u00edpio possui outras quatro ambul\u00e2ncias, que est\u00e3o \u00e0 disposi\u00e7\u00e3o para o atendimento da popula\u00e7\u00e3o.<\/p>\n<\/div>\n<div class=\"mc-column content-text active-extra-styles \" style=\"text-align: justify;\" data-block-type=\"unstyled\" data-block-weight=\"29\" data-block-id=\"9\">\n<p class=\"content-text__container \" data-track-category=\"Link no Texto\" data-track-links=\"\">Os danos foram materiais, mas o seguro do ve\u00edculo foi acionado e um Boletim de Ocorr\u00eancia foi registrado, para que o autom\u00f3vel seja submetido a per\u00edcia pela seguradora.<\/p>\n<\/div>\n<div class=\"row medium-uncollapsed content-media content-photo\" data-block-type=\"backstage-photo\" data-block-id=\"10\">\n<div class=\"mc-column content-media__container\" style=\"text-align: justify;\">\n<div class=\"content-media-container glb-skeleton-box\">\n<figure class=\"content-media-figure\"><img decoding=\"async\" class=\"i-amphtml-fill-content i-amphtml-replaced-content\" src=\"https:\/\/s2.glbimg.com\/-1uXOuS_FeXv3rwdTuX3mYLaIjQ=\/0x59:960x708\/984x0\/smart\/filters:strip_icc()\/i.s3.glbimg.com\/v1\/AUTH_59edd422c0c84a879bd37670ae4f538a\/internal_photos\/bs\/2021\/z\/L\/YMjeWdRLWIwHyh9QCROQ\/whatsapp-image-2021-06-04-at-07.29.49-1-.jpeg\" sizes=\"(max-width: 1366px) 648px, 100vw\" srcset=\"https:\/\/s2.glbimg.com\/W9MX7qm7rk-cyw7gVLkTd2gFscE=\/0x59:960x708\/1000x0\/smart\/filters:strip_icc()\/i.s3.glbimg.com\/v1\/AUTH_59edd422c0c84a879bd37670ae4f538a\/internal_photos\/bs\/2021\/z\/L\/YMjeWdRLWIwHyh9QCROQ\/whatsapp-image-2021-06-04-at-07.29.49-1-.jpeg 1000w, https:\/\/s2.glbimg.com\/-1uXOuS_FeXv3rwdTuX3mYLaIjQ=\/0x59:960x708\/984x0\/smart\/filters:strip_icc()\/i.s3.glbimg.com\/v1\/AUTH_59edd422c0c84a879bd37670ae4f538a\/internal_photos\/bs\/2021\/z\/L\/YMjeWdRLWIwHyh9QCROQ\/whatsapp-image-2021-06-04-at-07.29.49-1-.jpeg 984w, https:\/\/s2.glbimg.com\/bfWGLcKyquuhfwM3kp_h6wbihX4=\/0x59:960x708\/640x0\/smart\/filters:strip_icc()\/i.s3.glbimg.com\/v1\/AUTH_59edd422c0c84a879bd37670ae4f538a\/internal_photos\/bs\/2021\/z\/L\/YMjeWdRLWIwHyh9QCROQ\/whatsapp-image-2021-06-04-at-07.29.49-1-.jpeg 640w, https:\/\/s2.glbimg.com\/fxJyJxCJ2-LfYG3XkyHK21GUNAU=\/0x59:960x708\/600x0\/smart\/filters:strip_icc()\/i.s3.glbimg.com\/v1\/AUTH_59edd422c0c84a879bd37670ae4f538a\/internal_photos\/bs\/2021\/z\/L\/YMjeWdRLWIwHyh9QCROQ\/whatsapp-image-2021-06-04-at-07.29.49-1-.jpeg 600w\" alt=\"Ambul\u00e2ncia se desloca sozinha e cai em p\u00e1tio inferior do HR  \u2014 Foto: Francisco Xavier de Sousa Neto\/Cedida \" \/><\/figure>\n<\/div>\n<p class=\"content-media__description \">Ambul\u00e2ncia se desloca sozinha e cai em p\u00e1tio inferior do HR \u2014 Foto: Francisco Xavier de Sousa Neto\/Cedida<\/p>\n<\/div>\n<p style=\"text-align: justify;\">Fonte: G1<\/p>\n<\/div>\n<\/div>\n<\/div>\n<\/div>\n","protected":false},"excerpt":{"rendered":"<p>De acordo com a Secretaria de Sa\u00fade de Narandiba, o motorista estava do lado de fora do ve\u00edculo no momento da queda do autom\u00f3vel, na madrugada desta sexta-feira (4). Ningu\u00e9m se feriu. Uma ambul\u00e2ncia pertencente \u00e0 Prefeitura de\u00a0Narandiba, que estava estacionada em local reservado no Hospital Regional (HR), em\u00a0Presidente Prudente, se deslocou sozinha e caiu [&hellip;]<\/p>\n","protected":false},"author":1,"featured_media":48842,"comment_status":"closed","ping_status":"open","sticky":false,"template":"","format":"standard","meta":{"footnotes":""},"categories":[170,110],"tags":[],"class_list":["post-48841","post","type-post","status-publish","format-standard","has-post-thumbnail","hentry","category-acidentes","category-noticiasdestaque"],"_links":{"self":[{"href":"https:\/\/jorgezanoni.com.br\/2019\/wp-json\/wp\/v2\/posts\/48841","targetHints":{"allow":["GET"]}}],"collection":[{"href":"https:\/\/jorgezanoni.com.br\/2019\/wp-json\/wp\/v2\/posts"}],"about":[{"href":"https:\/\/jorgezanoni.com.br\/2019\/wp-json\/wp\/v2\/types\/post"}],"author":[{"embeddable":true,"href":"https:\/\/jorgezanoni.com.br\/2019\/wp-json\/wp\/v2\/users\/1"}],"replies":[{"embeddable":true,"href":"https:\/\/jorgezanoni.com.br\/2019\/wp-json\/wp\/v2\/comments?post=48841"}],"version-history":[{"count":0,"href":"https:\/\/jorgezanoni.com.br\/2019\/wp-json\/wp\/v2\/posts\/48841\/revisions"}],"wp:featuredmedia":[{"embeddable":true,"href":"https:\/\/jorgezanoni.com.br\/2019\/wp-json\/wp\/v2\/media\/48842"}],"wp:attachment":[{"href":"https:\/\/jorgezanoni.com.br\/2019\/wp-json\/wp\/v2\/media?parent=48841"}],"wp:term":[{"taxonomy":"category","embeddable":true,"href":"https:\/\/jorgezanoni.com.br\/2019\/wp-json\/wp\/v2\/categories?post=48841"},{"taxonomy":"post_tag","embeddable":true,"href":"https:\/\/jorgezanoni.com.br\/2019\/wp-json\/wp\/v2\/tags?post=48841"}],"curies":[{"name":"wp","href":"https:\/\/api.w.org\/{rel}","templated":true}]}}