{"id":4884,"date":"2019-08-30T01:31:55","date_gmt":"2019-08-30T01:31:55","guid":{"rendered":"https:\/\/jorgezanoni.com.br\/2019\/?p=4884"},"modified":"2019-08-30T01:31:55","modified_gmt":"2019-08-30T01:31:55","slug":"penitenciaria-feminina-de-tupi-paulista-incentiva-aleitamento-materno-durante-agosto-dourado","status":"publish","type":"post","link":"https:\/\/jorgezanoni.com.br\/2019\/penitenciaria-feminina-de-tupi-paulista-incentiva-aleitamento-materno-durante-agosto-dourado\/","title":{"rendered":"Penitenci\u00e1ria Feminina de Tupi Paulista incentiva aleitamento materno durante &#8220;Agosto Dourado&#8221;"},"content":{"rendered":"<div style=\"text-align: justify;\"><strong><span style=\"color: #0000ff;\">Gestantes e lactantes desfrutaram de momentos especiais com seus beb\u00eas.<\/span><\/strong><\/div>\n<div><img loading=\"lazy\" decoding=\"async\" class=\"alignnone size-full wp-image-4885\" src=\"https:\/\/jorgezanoni.com.br\/2019\/wp-content\/uploads\/2019\/08\/peni1.jpg\" alt=\"\" width=\"3264\" height=\"2448\" srcset=\"https:\/\/jorgezanoni.com.br\/2019\/wp-content\/uploads\/2019\/08\/peni1.jpg 3264w, https:\/\/jorgezanoni.com.br\/2019\/wp-content\/uploads\/2019\/08\/peni1-300x225.jpg 300w, https:\/\/jorgezanoni.com.br\/2019\/wp-content\/uploads\/2019\/08\/peni1-768x576.jpg 768w, https:\/\/jorgezanoni.com.br\/2019\/wp-content\/uploads\/2019\/08\/peni1-1024x768.jpg 1024w, https:\/\/jorgezanoni.com.br\/2019\/wp-content\/uploads\/2019\/08\/peni1-80x60.jpg 80w, https:\/\/jorgezanoni.com.br\/2019\/wp-content\/uploads\/2019\/08\/peni1-265x198.jpg 265w, https:\/\/jorgezanoni.com.br\/2019\/wp-content\/uploads\/2019\/08\/peni1-696x522.jpg 696w, https:\/\/jorgezanoni.com.br\/2019\/wp-content\/uploads\/2019\/08\/peni1-1068x801.jpg 1068w, https:\/\/jorgezanoni.com.br\/2019\/wp-content\/uploads\/2019\/08\/peni1-560x420.jpg 560w\" sizes=\"auto, (max-width: 3264px) 100vw, 3264px\" \/><\/div>\n<p style=\"text-align: justify;\">\nPartindo do tema &#8220;Porque amamentar vale ouro&#8221;, a Penitenci\u00e1ria Feminina de Tupi Paulista organizou, no dia 22 de agosto, a\u00e7\u00e3o voltada exclusivamente a reeducandas, para incentivar o aleitamento materno, cuja relev\u00e2ncia do assunto \u00e9 abordada com \u00eanfase no m\u00eas dedicado ao tema, intitulado como &#8220;Agosto Dourado&#8221;.<\/p>\n<p><img loading=\"lazy\" decoding=\"async\" class=\"alignnone size-full wp-image-4886\" src=\"https:\/\/jorgezanoni.com.br\/2019\/wp-content\/uploads\/2019\/08\/peni2.jpg\" alt=\"\" width=\"3264\" height=\"2448\" srcset=\"https:\/\/jorgezanoni.com.br\/2019\/wp-content\/uploads\/2019\/08\/peni2.jpg 3264w, https:\/\/jorgezanoni.com.br\/2019\/wp-content\/uploads\/2019\/08\/peni2-300x225.jpg 300w, https:\/\/jorgezanoni.com.br\/2019\/wp-content\/uploads\/2019\/08\/peni2-768x576.jpg 768w, https:\/\/jorgezanoni.com.br\/2019\/wp-content\/uploads\/2019\/08\/peni2-1024x768.jpg 1024w, https:\/\/jorgezanoni.com.br\/2019\/wp-content\/uploads\/2019\/08\/peni2-80x60.jpg 80w, https:\/\/jorgezanoni.com.br\/2019\/wp-content\/uploads\/2019\/08\/peni2-265x198.jpg 265w, https:\/\/jorgezanoni.com.br\/2019\/wp-content\/uploads\/2019\/08\/peni2-696x522.jpg 696w, https:\/\/jorgezanoni.com.br\/2019\/wp-content\/uploads\/2019\/08\/peni2-1068x801.jpg 1068w, https:\/\/jorgezanoni.com.br\/2019\/wp-content\/uploads\/2019\/08\/peni2-560x420.jpg 560w\" sizes=\"auto, (max-width: 3264px) 100vw, 3264px\" \/><\/p>\n<div>Rodeadas por decora\u00e7\u00e3o e bal\u00f5es dourados na ala de amamenta\u00e7\u00e3o, 13 gestantes e 05 lactantes saborearam um caf\u00e9 da manh\u00e3 especial enquanto participavam de roda de conversa sobre o assunto, com alunas do curso de enfermagem da UNIFADRA e a m\u00e9dica pediatra da unidade prisional, Carla Regina Grecco Paes, sob organiza\u00e7\u00e3o do Centro de Reintegra\u00e7\u00e3o e Atendimento a Sa\u00fade, do estabelecimento prisional.<\/div>\n<div><img loading=\"lazy\" decoding=\"async\" class=\"alignnone size-full wp-image-4887\" src=\"https:\/\/jorgezanoni.com.br\/2019\/wp-content\/uploads\/2019\/08\/peni3.jpg\" alt=\"\" width=\"3264\" height=\"2448\" srcset=\"https:\/\/jorgezanoni.com.br\/2019\/wp-content\/uploads\/2019\/08\/peni3.jpg 3264w, https:\/\/jorgezanoni.com.br\/2019\/wp-content\/uploads\/2019\/08\/peni3-300x225.jpg 300w, https:\/\/jorgezanoni.com.br\/2019\/wp-content\/uploads\/2019\/08\/peni3-768x576.jpg 768w, https:\/\/jorgezanoni.com.br\/2019\/wp-content\/uploads\/2019\/08\/peni3-1024x768.jpg 1024w, https:\/\/jorgezanoni.com.br\/2019\/wp-content\/uploads\/2019\/08\/peni3-80x60.jpg 80w, https:\/\/jorgezanoni.com.br\/2019\/wp-content\/uploads\/2019\/08\/peni3-265x198.jpg 265w, https:\/\/jorgezanoni.com.br\/2019\/wp-content\/uploads\/2019\/08\/peni3-696x522.jpg 696w, https:\/\/jorgezanoni.com.br\/2019\/wp-content\/uploads\/2019\/08\/peni3-1068x801.jpg 1068w, https:\/\/jorgezanoni.com.br\/2019\/wp-content\/uploads\/2019\/08\/peni3-560x420.jpg 560w\" sizes=\"auto, (max-width: 3264px) 100vw, 3264px\" \/><\/p>\n<div style=\"text-align: justify;\">&#8220;Al\u00e9m de informa\u00e7\u00e3o \u00e0s reeducandas, a atividade enfatizou a responsabilidade delas com a maternagem, ainda que no c\u00e1rcere, pois o tempo que ir\u00e3o amamentar contribuir\u00e1 para a sa\u00fade f\u00edsica e emocional das crian\u00e7as, al\u00e9m de manter a lembran\u00e7a da troca de olhares, carinhos e sorrisos entre elas&#8221;, explica a diretora t\u00e9cnica III da penitenci\u00e1ria, Adriana Alkmin Pereira Domingues.<\/div>\n<div style=\"text-align: justify;\"><img loading=\"lazy\" decoding=\"async\" class=\"alignnone size-full wp-image-4888\" src=\"https:\/\/jorgezanoni.com.br\/2019\/wp-content\/uploads\/2019\/08\/peni4.jpg\" alt=\"\" width=\"3264\" height=\"2448\" srcset=\"https:\/\/jorgezanoni.com.br\/2019\/wp-content\/uploads\/2019\/08\/peni4.jpg 3264w, https:\/\/jorgezanoni.com.br\/2019\/wp-content\/uploads\/2019\/08\/peni4-300x225.jpg 300w, https:\/\/jorgezanoni.com.br\/2019\/wp-content\/uploads\/2019\/08\/peni4-768x576.jpg 768w, https:\/\/jorgezanoni.com.br\/2019\/wp-content\/uploads\/2019\/08\/peni4-1024x768.jpg 1024w, https:\/\/jorgezanoni.com.br\/2019\/wp-content\/uploads\/2019\/08\/peni4-80x60.jpg 80w, https:\/\/jorgezanoni.com.br\/2019\/wp-content\/uploads\/2019\/08\/peni4-265x198.jpg 265w, https:\/\/jorgezanoni.com.br\/2019\/wp-content\/uploads\/2019\/08\/peni4-696x522.jpg 696w, https:\/\/jorgezanoni.com.br\/2019\/wp-content\/uploads\/2019\/08\/peni4-1068x801.jpg 1068w, https:\/\/jorgezanoni.com.br\/2019\/wp-content\/uploads\/2019\/08\/peni4-560x420.jpg 560w\" sizes=\"auto, (max-width: 3264px) 100vw, 3264px\" \/><\/p>\n<p><b>Alimento de Ouro<br \/>\n<\/b>Lan\u00e7ado pela Sociedade Brasileira de Pediatria (SBP), o &#8220;Agosto Dourado&#8221; dedica-se \u00e0 intensifica\u00e7\u00e3o de a\u00e7\u00f5es de promo\u00e7\u00e3o, prote\u00e7\u00e3o e apoio ao ato de amamentar. \u00c9 uma forma de desmistificar que a bebida sirva apenas para nutrir quando, na verdade, tamb\u00e9m fortalece os v\u00ednculos m\u00e3e\/beb\u00ea.<br \/>\nSegundo a SBP, com base na semana do aleitamento materno que acontece de 01 a 07 de agosto, o &#8220;dourado&#8221; faz alus\u00e3o \u00e0 defini\u00e7\u00e3o da Organiza\u00e7\u00e3o Mundial da Sa\u00fade (OMS) que apelidou o leite das m\u00e3es como &#8220;alimento de ouro&#8221; para a sa\u00fade dos beb\u00eas. Por ser o primeiro a ser consumido ap\u00f3s o nascimento, \u00e9 atrav\u00e9s dele que o corpo se desenvolve e \u00e9 fortalecido para resistir a variadas doen\u00e7as.<\/div>\n<\/div>\n<div><\/div>\n<div>Fonte: SAP<\/div>\n","protected":false},"excerpt":{"rendered":"<p>Gestantes e lactantes desfrutaram de momentos especiais com seus beb\u00eas. Partindo do tema &#8220;Porque amamentar vale ouro&#8221;, a Penitenci\u00e1ria Feminina de Tupi Paulista organizou, no dia 22 de agosto, a\u00e7\u00e3o voltada exclusivamente a reeducandas, para incentivar o aleitamento materno, cuja relev\u00e2ncia do assunto \u00e9 abordada com \u00eanfase no m\u00eas dedicado ao tema, intitulado como &#8220;Agosto [&hellip;]<\/p>\n","protected":false},"author":1,"featured_media":4889,"comment_status":"closed","ping_status":"open","sticky":false,"template":"","format":"standard","meta":{"footnotes":""},"categories":[114,110],"tags":[],"class_list":["post-4884","post","type-post","status-publish","format-standard","has-post-thumbnail","hentry","category-geralecomercio","category-noticiasdestaque"],"_links":{"self":[{"href":"https:\/\/jorgezanoni.com.br\/2019\/wp-json\/wp\/v2\/posts\/4884","targetHints":{"allow":["GET"]}}],"collection":[{"href":"https:\/\/jorgezanoni.com.br\/2019\/wp-json\/wp\/v2\/posts"}],"about":[{"href":"https:\/\/jorgezanoni.com.br\/2019\/wp-json\/wp\/v2\/types\/post"}],"author":[{"embeddable":true,"href":"https:\/\/jorgezanoni.com.br\/2019\/wp-json\/wp\/v2\/users\/1"}],"replies":[{"embeddable":true,"href":"https:\/\/jorgezanoni.com.br\/2019\/wp-json\/wp\/v2\/comments?post=4884"}],"version-history":[{"count":0,"href":"https:\/\/jorgezanoni.com.br\/2019\/wp-json\/wp\/v2\/posts\/4884\/revisions"}],"wp:featuredmedia":[{"embeddable":true,"href":"https:\/\/jorgezanoni.com.br\/2019\/wp-json\/wp\/v2\/media\/4889"}],"wp:attachment":[{"href":"https:\/\/jorgezanoni.com.br\/2019\/wp-json\/wp\/v2\/media?parent=4884"}],"wp:term":[{"taxonomy":"category","embeddable":true,"href":"https:\/\/jorgezanoni.com.br\/2019\/wp-json\/wp\/v2\/categories?post=4884"},{"taxonomy":"post_tag","embeddable":true,"href":"https:\/\/jorgezanoni.com.br\/2019\/wp-json\/wp\/v2\/tags?post=4884"}],"curies":[{"name":"wp","href":"https:\/\/api.w.org\/{rel}","templated":true}]}}