{"id":4881,"date":"2019-08-30T01:07:56","date_gmt":"2019-08-30T01:07:56","guid":{"rendered":"https:\/\/jorgezanoni.com.br\/2019\/?p=4881"},"modified":"2019-08-30T01:07:56","modified_gmt":"2019-08-30T01:07:56","slug":"dracena-e-contemplada-com-25-vagas-para-o-programa-emergencial-auxilio-emprego","status":"publish","type":"post","link":"https:\/\/jorgezanoni.com.br\/2019\/dracena-e-contemplada-com-25-vagas-para-o-programa-emergencial-auxilio-emprego\/","title":{"rendered":"Dracena \u00e9 contemplada com 25 vagas para o Programa Emergencial Aux\u00edlio Emprego"},"content":{"rendered":"<blockquote>\n<p style=\"text-align: justify;\">Em visita \u00e0 S\u00e3o Paulo nesta quinta-feira (29), o prefeito de Dracena, Juliano Bertolini, obteve uma importante conquista para o munic\u00edpio: 25 vagas para o Programa Emergencial de Aux\u00edlio Desemprego (PEAD), da Secretaria de Desenvolvimento Econ\u00f4mico do Estado de S\u00e3o Paulo.<\/p>\n<p style=\"text-align: justify;\">O programa tem dura\u00e7\u00e3o de seis meses e os inscritos receber\u00e3o um benef\u00edcio, al\u00e9m de um vale alimenta\u00e7\u00e3o. Para participar, os interessados devem se inscrever nesta sexta-feira (30), das 8h30 \u00e0s 16h, na Sala do Cidad\u00e3o do Pa\u00e7o Municipal.<\/p>\n<p style=\"text-align: justify;\">\u201cEstamos muito felizes com esta conquista, pois \u00e9 um programa que visa gerar renda e qualificar pessoas que estejam desempregadas e em situa\u00e7\u00e3o de vulnerabilidade\u201d, declara o prefeito.<\/p>\n<p style=\"text-align: justify;\">Os interessados devem ter 17 anos ou mais e estar desempregado h\u00e1 mais de um ano e residir h\u00e1 pelo menos dois anos no Estado de S\u00e3o Paulo. Al\u00e9m de, n\u00e3o pode estar recebendo nenhum tipo de benef\u00edcio, como aux\u00edlio desemprego ou aposentadoria, ou ter parentes que j\u00e1 fa\u00e7am parte da frente de trabalho.<\/p>\n<p style=\"text-align: justify;\">\u00c9 preciso apresentar c\u00f3pia do RG, CPF, carteira de trabalho e previd\u00eancia social, e comprovante de resid\u00eancia (conta de \u00e1gua, luz ou telefone).<\/p>\n<p style=\"text-align: justify;\">Os participantes trabalhar\u00e3o quatro dias na semana, inclusive s\u00e1bados e domingos, se necess\u00e1rio, com uma carga hor\u00e1ria di\u00e1ria de seis horas. No quinto dia da semana, ser\u00e1 aplicado um curso de qualifica\u00e7\u00e3o de frequ\u00eancia obrigat\u00f3ria.<\/p>\n<p style=\"text-align: justify;\"><strong>SERVI\u00c7O:<\/strong>\u00a0O Pa\u00e7o Municipal fica na Av. Jos\u00e9 Bonif\u00e1cio, n.\u00ba 1.437. As inscri\u00e7\u00f5es estar\u00e3o sendo feitas das 8h30 \u00e0s 16h, na Sala do Cidad\u00e3o, com Mara\u00edsa.<\/p>\n<p>INSCRI\u00c7\u00d5ES SOMENTE AMANH\u00c3 DIA 30.<\/p>\n<blockquote><p>Mais informa\u00e7\u00f5es na publica\u00e7\u00e3o na p\u00e1gina oficial da Prefeitura de Dracena no Facebook\u00a0<a href=\"https:\/\/m.facebook.com\/story.php?story_fbid=2436563486424247&amp;id=810189575728321\" target=\"_blank\" rel=\"noopener noreferrer\">https:\/\/m.facebook.com\/story.php?story_fbid=2436563486424247&amp;id=810189575728321<\/a><\/p><\/blockquote>\n<div>\n<p style=\"text-align: justify;\">Diretoria de Comunica\u00e7\u00e3o<\/p>\n<p>Imagem Ilustrativa<\/p>\n<\/div>\n<\/blockquote>\n","protected":false},"excerpt":{"rendered":"<p>Em visita \u00e0 S\u00e3o Paulo nesta quinta-feira (29), o prefeito de Dracena, Juliano Bertolini, obteve uma importante conquista para o munic\u00edpio: 25 vagas para o Programa Emergencial de Aux\u00edlio Desemprego (PEAD), da Secretaria de Desenvolvimento Econ\u00f4mico do Estado de S\u00e3o Paulo. O programa tem dura\u00e7\u00e3o de seis meses e os inscritos receber\u00e3o um benef\u00edcio, al\u00e9m [&hellip;]<\/p>\n","protected":false},"author":1,"featured_media":4882,"comment_status":"closed","ping_status":"open","sticky":false,"template":"","format":"standard","meta":{"footnotes":""},"categories":[114,110],"tags":[],"class_list":["post-4881","post","type-post","status-publish","format-standard","has-post-thumbnail","hentry","category-geralecomercio","category-noticiasdestaque"],"_links":{"self":[{"href":"https:\/\/jorgezanoni.com.br\/2019\/wp-json\/wp\/v2\/posts\/4881","targetHints":{"allow":["GET"]}}],"collection":[{"href":"https:\/\/jorgezanoni.com.br\/2019\/wp-json\/wp\/v2\/posts"}],"about":[{"href":"https:\/\/jorgezanoni.com.br\/2019\/wp-json\/wp\/v2\/types\/post"}],"author":[{"embeddable":true,"href":"https:\/\/jorgezanoni.com.br\/2019\/wp-json\/wp\/v2\/users\/1"}],"replies":[{"embeddable":true,"href":"https:\/\/jorgezanoni.com.br\/2019\/wp-json\/wp\/v2\/comments?post=4881"}],"version-history":[{"count":0,"href":"https:\/\/jorgezanoni.com.br\/2019\/wp-json\/wp\/v2\/posts\/4881\/revisions"}],"wp:featuredmedia":[{"embeddable":true,"href":"https:\/\/jorgezanoni.com.br\/2019\/wp-json\/wp\/v2\/media\/4882"}],"wp:attachment":[{"href":"https:\/\/jorgezanoni.com.br\/2019\/wp-json\/wp\/v2\/media?parent=4881"}],"wp:term":[{"taxonomy":"category","embeddable":true,"href":"https:\/\/jorgezanoni.com.br\/2019\/wp-json\/wp\/v2\/categories?post=4881"},{"taxonomy":"post_tag","embeddable":true,"href":"https:\/\/jorgezanoni.com.br\/2019\/wp-json\/wp\/v2\/tags?post=4881"}],"curies":[{"name":"wp","href":"https:\/\/api.w.org\/{rel}","templated":true}]}}