{"id":48799,"date":"2021-06-03T19:58:39","date_gmt":"2021-06-03T19:58:39","guid":{"rendered":"https:\/\/jorgezanoni.com.br\/2019\/?p=48799"},"modified":"2021-06-03T19:58:39","modified_gmt":"2021-06-03T19:58:39","slug":"oeste-saude-de-dracena-recebe-parceiros-e-convidados-para-cafe-da-manha","status":"publish","type":"post","link":"https:\/\/jorgezanoni.com.br\/2019\/oeste-saude-de-dracena-recebe-parceiros-e-convidados-para-cafe-da-manha\/","title":{"rendered":"Oeste Sa\u00fade de Dracena recebe parceiros e convidados para Caf\u00e9 da Manh\u00e3"},"content":{"rendered":"<p style=\"text-align: justify;\">Ontem (2), Diretores e Funcion\u00e1rios da Oeste Sa\u00fade de Dracena, receberam parceiros e convidados para um descontra\u00eddo Caf\u00e9 da Manh\u00e3.<\/p>\n<p style=\"text-align: justify;\">Na oportunidade foi entregue um Cheque no valor de R$ 50.000,00 mil reais \u00e0 Santa Casa de Dracena (outros R$ 30 mil j\u00e1 haviam sido doados), como colabora\u00e7\u00e3o na compra do Tom\u00f3grafo e outros aparelhos que necessitam de urg\u00eancia na unidade hospitalar.<\/p>\n<p style=\"text-align: justify;\">Participaram do encontro, os senhores Marcelo Cerqueira Diretor Geral da Oeste Sa\u00fade, C\u00e9sar Arag\u00e3o da empresa Vinci Partners parceira da Oeste Sa\u00fade, Gilberto \u00c2ngelo Piloto consultor de neg\u00f3cios do escrit\u00f3rio de Dracena, S\u00e9rgio Ricardo Baravelli secret\u00e1rio da Administra\u00e7\u00e3o Municipal no ato representando o Prefeito Municipal Andr\u00e9 Lemos, Hermes Tamura representando a Santa Casa de Dracena, Luciano Gerlim da Silva Presidente da ACE, Rosava Valcezi Gerente da ACE, funcion\u00e1rias, parceiros, convidados e imprensa.<\/p>\n<p>Jorge Zanoni<\/p>\n<p><img loading=\"lazy\" decoding=\"async\" class=\"alignnone size-full wp-image-48800\" src=\"https:\/\/jorgezanoni.com.br\/2019\/wp-content\/uploads\/2021\/06\/IMG_3962-2.jpg\" alt=\"\" width=\"800\" height=\"744\" srcset=\"https:\/\/jorgezanoni.com.br\/2019\/wp-content\/uploads\/2021\/06\/IMG_3962-2.jpg 800w, https:\/\/jorgezanoni.com.br\/2019\/wp-content\/uploads\/2021\/06\/IMG_3962-2-300x279.jpg 300w, https:\/\/jorgezanoni.com.br\/2019\/wp-content\/uploads\/2021\/06\/IMG_3962-2-768x714.jpg 768w, https:\/\/jorgezanoni.com.br\/2019\/wp-content\/uploads\/2021\/06\/IMG_3962-2-696x647.jpg 696w, https:\/\/jorgezanoni.com.br\/2019\/wp-content\/uploads\/2021\/06\/IMG_3962-2-452x420.jpg 452w\" sizes=\"auto, (max-width: 800px) 100vw, 800px\" \/> <img loading=\"lazy\" decoding=\"async\" class=\"alignnone size-full wp-image-48801\" src=\"https:\/\/jorgezanoni.com.br\/2019\/wp-content\/uploads\/2021\/06\/IMG_3963-2.jpg\" alt=\"\" width=\"800\" height=\"790\" srcset=\"https:\/\/jorgezanoni.com.br\/2019\/wp-content\/uploads\/2021\/06\/IMG_3963-2.jpg 800w, https:\/\/jorgezanoni.com.br\/2019\/wp-content\/uploads\/2021\/06\/IMG_3963-2-300x296.jpg 300w, https:\/\/jorgezanoni.com.br\/2019\/wp-content\/uploads\/2021\/06\/IMG_3963-2-768x758.jpg 768w, https:\/\/jorgezanoni.com.br\/2019\/wp-content\/uploads\/2021\/06\/IMG_3963-2-696x687.jpg 696w, https:\/\/jorgezanoni.com.br\/2019\/wp-content\/uploads\/2021\/06\/IMG_3963-2-425x420.jpg 425w\" sizes=\"auto, (max-width: 800px) 100vw, 800px\" \/> <img loading=\"lazy\" decoding=\"async\" class=\"alignnone size-full wp-image-48802\" src=\"https:\/\/jorgezanoni.com.br\/2019\/wp-content\/uploads\/2021\/06\/IMG_3965.jpg\" alt=\"\" width=\"800\" height=\"600\" srcset=\"https:\/\/jorgezanoni.com.br\/2019\/wp-content\/uploads\/2021\/06\/IMG_3965.jpg 800w, https:\/\/jorgezanoni.com.br\/2019\/wp-content\/uploads\/2021\/06\/IMG_3965-300x225.jpg 300w, https:\/\/jorgezanoni.com.br\/2019\/wp-content\/uploads\/2021\/06\/IMG_3965-768x576.jpg 768w, https:\/\/jorgezanoni.com.br\/2019\/wp-content\/uploads\/2021\/06\/IMG_3965-80x60.jpg 80w, https:\/\/jorgezanoni.com.br\/2019\/wp-content\/uploads\/2021\/06\/IMG_3965-265x198.jpg 265w, https:\/\/jorgezanoni.com.br\/2019\/wp-content\/uploads\/2021\/06\/IMG_3965-696x522.jpg 696w, https:\/\/jorgezanoni.com.br\/2019\/wp-content\/uploads\/2021\/06\/IMG_3965-560x420.jpg 560w\" sizes=\"auto, (max-width: 800px) 100vw, 800px\" \/> <img loading=\"lazy\" decoding=\"async\" class=\"alignnone size-full wp-image-48804\" src=\"https:\/\/jorgezanoni.com.br\/2019\/wp-content\/uploads\/2021\/06\/IMG_3970-2.jpg\" alt=\"\" width=\"800\" height=\"641\" srcset=\"https:\/\/jorgezanoni.com.br\/2019\/wp-content\/uploads\/2021\/06\/IMG_3970-2.jpg 800w, https:\/\/jorgezanoni.com.br\/2019\/wp-content\/uploads\/2021\/06\/IMG_3970-2-300x240.jpg 300w, https:\/\/jorgezanoni.com.br\/2019\/wp-content\/uploads\/2021\/06\/IMG_3970-2-768x615.jpg 768w, https:\/\/jorgezanoni.com.br\/2019\/wp-content\/uploads\/2021\/06\/IMG_3970-2-696x558.jpg 696w, https:\/\/jorgezanoni.com.br\/2019\/wp-content\/uploads\/2021\/06\/IMG_3970-2-524x420.jpg 524w\" sizes=\"auto, (max-width: 800px) 100vw, 800px\" \/><\/p>\n<p>SERVI\u00c7O:<\/p>\n<p>Av. Jos\u00e9 Bonif\u00e1cio, 1430 &#8211; em frente \u00e0 Prefeitura Municipal &#8211; centro<\/p>\n<p>Fone: <a href=\"https:\/\/www.google.com.br\/search?q=oeste+saude+de+dracena&amp;sxsrf=ALeKk03j0MMAprA8FavmheirRBa5fjHSvw%3A1622749856964&amp;source=hp&amp;ei=oDK5YLWpOKTY5OUP3qKI2AY&amp;iflsig=AINFCbYAAAAAYLlAsAzZGACTBGsKSkvq7MewQUZ14608&amp;oq=oeste+saude+de+dracena&amp;gs_lcp=Cgdnd3Mtd2l6EAMyBggAEBYQHjIGCAAQFhAeMgYIABAWEB4yAggmOgQIIxAnOgUIABCxAzoICAAQsQMQgwE6AggAOgsILhCxAxDHARCjAjoICC4QsQMQkwI6CwguELEDEMcBEK8BOgUIABDJAzoFCAAQkgM6BQguELEDOgQIABAKOggILhDHARCvAToCCC46CwguEMcBEK8BEJMCUN0IWPohYM0jaABwAHgAgAHmAogBshqSAQgwLjE3LjMuMZgBAKABAaoBB2d3cy13aXo&amp;sclient=gws-wiz&amp;ved=0ahUKEwi1-Z-mnvzwAhUkLLkGHV4RAmsQ4dUDCAc&amp;uact=5#\" data-dtype=\"d3ifr\" data-local-attribute=\"d3ph\" data-ved=\"2ahUKEwjKiNuonvzwAhVNH7kGHVW_ChQQkAgoADAcegQIHxAD\">(18) 2137-2100<\/a><\/p>\n<p>Site: www.https:\/\/www.oestesaude.com.br\/<\/p>\n<p>&nbsp;<\/p>\n<p>&nbsp;<\/p>\n<p>&nbsp;<\/p>\n","protected":false},"excerpt":{"rendered":"<p>Ontem (2), Diretores e Funcion\u00e1rios da Oeste Sa\u00fade de Dracena, receberam parceiros e convidados para um descontra\u00eddo Caf\u00e9 da Manh\u00e3. Na oportunidade foi entregue um Cheque no valor de R$ 50.000,00 mil reais \u00e0 Santa Casa de Dracena (outros R$ 30 mil j\u00e1 haviam sido doados), como colabora\u00e7\u00e3o na compra do Tom\u00f3grafo e outros aparelhos [&hellip;]<\/p>\n","protected":false},"author":1,"featured_media":48803,"comment_status":"closed","ping_status":"open","sticky":false,"template":"","format":"standard","meta":{"footnotes":""},"categories":[114,110],"tags":[],"class_list":["post-48799","post","type-post","status-publish","format-standard","has-post-thumbnail","hentry","category-geralecomercio","category-noticiasdestaque"],"_links":{"self":[{"href":"https:\/\/jorgezanoni.com.br\/2019\/wp-json\/wp\/v2\/posts\/48799","targetHints":{"allow":["GET"]}}],"collection":[{"href":"https:\/\/jorgezanoni.com.br\/2019\/wp-json\/wp\/v2\/posts"}],"about":[{"href":"https:\/\/jorgezanoni.com.br\/2019\/wp-json\/wp\/v2\/types\/post"}],"author":[{"embeddable":true,"href":"https:\/\/jorgezanoni.com.br\/2019\/wp-json\/wp\/v2\/users\/1"}],"replies":[{"embeddable":true,"href":"https:\/\/jorgezanoni.com.br\/2019\/wp-json\/wp\/v2\/comments?post=48799"}],"version-history":[{"count":0,"href":"https:\/\/jorgezanoni.com.br\/2019\/wp-json\/wp\/v2\/posts\/48799\/revisions"}],"wp:featuredmedia":[{"embeddable":true,"href":"https:\/\/jorgezanoni.com.br\/2019\/wp-json\/wp\/v2\/media\/48803"}],"wp:attachment":[{"href":"https:\/\/jorgezanoni.com.br\/2019\/wp-json\/wp\/v2\/media?parent=48799"}],"wp:term":[{"taxonomy":"category","embeddable":true,"href":"https:\/\/jorgezanoni.com.br\/2019\/wp-json\/wp\/v2\/categories?post=48799"},{"taxonomy":"post_tag","embeddable":true,"href":"https:\/\/jorgezanoni.com.br\/2019\/wp-json\/wp\/v2\/tags?post=48799"}],"curies":[{"name":"wp","href":"https:\/\/api.w.org\/{rel}","templated":true}]}}