{"id":48795,"date":"2021-06-03T18:57:25","date_gmt":"2021-06-03T18:57:25","guid":{"rendered":"https:\/\/jorgezanoni.com.br\/2019\/?p=48795"},"modified":"2021-06-03T18:57:25","modified_gmt":"2021-06-03T18:57:25","slug":"caminhoneiro-de-bastos-morre-em-acidente-na-via-dutra","status":"publish","type":"post","link":"https:\/\/jorgezanoni.com.br\/2019\/caminhoneiro-de-bastos-morre-em-acidente-na-via-dutra\/","title":{"rendered":"Caminhoneiro de Bastos morre em acidente na Via Dutra"},"content":{"rendered":"<p style=\"text-align: justify;\">Um caminhoneiro de Bastos, Marcos Jos\u00e9 Gomes da Silva, de 46 anos de idade, morreu na madrugada desta quinta-feira (3) em acidente ocorrido na Rodovia Presidente Dutra, conhecida como Via Dutra, na altura do munic\u00edpio de Jacare\u00ed (SP). Segundo as primeiras informa\u00e7\u00f5es, a colis\u00e3o traseira aconteceu na altura do quil\u00f4metro 160 da rodovia.<\/p>\n<p>Consta que por volta das 02h30 da madrugada de hoje, o motorista bastense conduzia um caminh\u00e3o carregado de ovos pela Via Dutra no sentido ao Rio de Janeiro. No local, pr\u00f3ximo a um viaduto, por motivos a serem esclarecidos, houve a colis\u00e3o na traseira de um caminh\u00e3o ca\u00e7amba. O bastense n\u00e3o resistiu aos ferimentos e veio a \u00f3bito.<\/p>\n<p>EM BREVE MAIS INFORMA\u00c7\u00d5ES<\/p>\n<p><img decoding=\"async\" src=\"https:\/\/static.bastosja.com.br\/data\/noticias\/imagens\/4633\/image\/16227317271_ROeronFrBIMNy1p.jpg\" alt=\"\" \/>Fonte: Bastos J\u00e1<\/p>\n<p>&nbsp;<\/p>\n","protected":false},"excerpt":{"rendered":"<p>Um caminhoneiro de Bastos, Marcos Jos\u00e9 Gomes da Silva, de 46 anos de idade, morreu na madrugada desta quinta-feira (3) em acidente ocorrido na Rodovia Presidente Dutra, conhecida como Via Dutra, na altura do munic\u00edpio de Jacare\u00ed (SP). Segundo as primeiras informa\u00e7\u00f5es, a colis\u00e3o traseira aconteceu na altura do quil\u00f4metro 160 da rodovia. Consta que [&hellip;]<\/p>\n","protected":false},"author":1,"featured_media":48796,"comment_status":"closed","ping_status":"open","sticky":false,"template":"","format":"standard","meta":{"footnotes":""},"categories":[170,110],"tags":[],"class_list":["post-48795","post","type-post","status-publish","format-standard","has-post-thumbnail","hentry","category-acidentes","category-noticiasdestaque"],"_links":{"self":[{"href":"https:\/\/jorgezanoni.com.br\/2019\/wp-json\/wp\/v2\/posts\/48795","targetHints":{"allow":["GET"]}}],"collection":[{"href":"https:\/\/jorgezanoni.com.br\/2019\/wp-json\/wp\/v2\/posts"}],"about":[{"href":"https:\/\/jorgezanoni.com.br\/2019\/wp-json\/wp\/v2\/types\/post"}],"author":[{"embeddable":true,"href":"https:\/\/jorgezanoni.com.br\/2019\/wp-json\/wp\/v2\/users\/1"}],"replies":[{"embeddable":true,"href":"https:\/\/jorgezanoni.com.br\/2019\/wp-json\/wp\/v2\/comments?post=48795"}],"version-history":[{"count":0,"href":"https:\/\/jorgezanoni.com.br\/2019\/wp-json\/wp\/v2\/posts\/48795\/revisions"}],"wp:featuredmedia":[{"embeddable":true,"href":"https:\/\/jorgezanoni.com.br\/2019\/wp-json\/wp\/v2\/media\/48796"}],"wp:attachment":[{"href":"https:\/\/jorgezanoni.com.br\/2019\/wp-json\/wp\/v2\/media?parent=48795"}],"wp:term":[{"taxonomy":"category","embeddable":true,"href":"https:\/\/jorgezanoni.com.br\/2019\/wp-json\/wp\/v2\/categories?post=48795"},{"taxonomy":"post_tag","embeddable":true,"href":"https:\/\/jorgezanoni.com.br\/2019\/wp-json\/wp\/v2\/tags?post=48795"}],"curies":[{"name":"wp","href":"https:\/\/api.w.org\/{rel}","templated":true}]}}