{"id":48792,"date":"2021-06-03T18:06:30","date_gmt":"2021-06-03T18:06:30","guid":{"rendered":"https:\/\/jorgezanoni.com.br\/2019\/?p=48792"},"modified":"2021-06-03T18:06:30","modified_gmt":"2021-06-03T18:06:30","slug":"acidente-entre-caminhao-e-carro-deixa-tres-mortos-na-sp-294","status":"publish","type":"post","link":"https:\/\/jorgezanoni.com.br\/2019\/acidente-entre-caminhao-e-carro-deixa-tres-mortos-na-sp-294\/","title":{"rendered":"Acidente entre caminh\u00e3o e carro deixa tr\u00eas mortos na SP-294"},"content":{"rendered":"<h2 class=\"content-head__subtitle\" style=\"text-align: justify;\"><strong>Uma das v\u00edtimas seria uma crian\u00e7a. Colis\u00e3o traseira aconteceu na Rodovia Comandante Jo\u00e3o Ribeiro de Barros no fim da manh\u00e3 desta quinta-feira (3) em Bauru.<\/strong><\/h2>\n<div class=\"mc-column content-text active-extra-styles \" data-block-type=\"unstyled\" data-block-weight=\"28\" data-block-id=\"2\">\n<p class=\"content-text__container \" style=\"text-align: justify;\" data-track-category=\"Link no Texto\" data-track-links=\"\">Tr\u00eas pessoas, entre elas uma crian\u00e7a, morreram em um acidente na Rodovia Comandante Jo\u00e3o Ribeiros de Barros em Bauru (SP) no fim da manh\u00e3 desta quinta-feira (3).<\/p>\n<\/div>\n<div class=\"wall protected-content\">\n<div class=\"mc-column content-text active-extra-styles \" style=\"text-align: justify;\" data-block-type=\"unstyled\" data-block-weight=\"18\" data-block-id=\"3\">\n<p class=\"content-text__container \" data-track-category=\"Link no Texto\" data-track-links=\"\">Segundo informa\u00e7\u00f5es da Pol\u00edcia Rodovi\u00e1ria, um caminh\u00e3o bateu na traseira de um carro onde as v\u00edtimas estavam.<\/p>\n<\/div>\n<div class=\"mc-column content-text active-extra-styles \" style=\"text-align: justify;\" data-block-type=\"unstyled\" data-block-weight=\"27\" data-block-id=\"4\">\n<p class=\"content-text__container \" data-track-category=\"Link no Texto\" data-track-links=\"\">Com impacto um casal e uma crian\u00e7a morrem ainda no local. Duas pessoas ficaram feridas e foram socorridas com ferimentos leves e encaminhadas para atendimento m\u00e9dico.<\/p>\n<\/div>\n<div class=\"mc-column content-text active-extra-styles \" style=\"text-align: justify;\" data-block-type=\"unstyled\" data-block-weight=\"47\" data-block-id=\"5\">\n<p class=\"content-text__container \" data-track-category=\"Link no Texto\" data-track-links=\"\">O motorista do caminh\u00e3o disse aos policiais que ve\u00edculo apresentou uma pane e ele n\u00e3o conseguiu frear, por\u00e9m as causas ainda ser\u00e3o investigadas. Ele passou por teste de baf\u00f4metro e foi liberado. O tr\u00e2nsito ficou interditado por 1 hora e meia, mas j\u00e1 foi liberado.<\/p>\n<\/div>\n<div class=\"row medium-uncollapsed content-media content-photo\" style=\"text-align: justify;\" data-block-type=\"backstage-photo\" data-block-id=\"6\">\n<div class=\"mc-column content-media__container\">\n<div class=\"content-media-container glb-skeleton-box\">\n<figure class=\"content-media-figure\"><img decoding=\"async\" class=\"i-amphtml-fill-content i-amphtml-replaced-content\" src=\"https:\/\/s2.glbimg.com\/BexZ6ovaXc_Gik2_ueog8WB53t4=\/0x0:1280x958\/984x0\/smart\/filters:strip_icc()\/i.s3.glbimg.com\/v1\/AUTH_59edd422c0c84a879bd37670ae4f538a\/internal_photos\/bs\/2021\/V\/p\/sW11zYSdy035nGqSwdrA\/whatsapp-image-2021-06-03-at-13.19.49.jpeg\" sizes=\"(max-width: 1366px) 648px, 100vw\" srcset=\"https:\/\/s2.glbimg.com\/tQLFDbvfvbcv-Esm05hgfRx6CSU=\/0x0:1280x958\/1000x0\/smart\/filters:strip_icc()\/i.s3.glbimg.com\/v1\/AUTH_59edd422c0c84a879bd37670ae4f538a\/internal_photos\/bs\/2021\/V\/p\/sW11zYSdy035nGqSwdrA\/whatsapp-image-2021-06-03-at-13.19.49.jpeg 1000w, https:\/\/s2.glbimg.com\/BexZ6ovaXc_Gik2_ueog8WB53t4=\/0x0:1280x958\/984x0\/smart\/filters:strip_icc()\/i.s3.glbimg.com\/v1\/AUTH_59edd422c0c84a879bd37670ae4f538a\/internal_photos\/bs\/2021\/V\/p\/sW11zYSdy035nGqSwdrA\/whatsapp-image-2021-06-03-at-13.19.49.jpeg 984w, https:\/\/s2.glbimg.com\/1bozeXohfLaLKAyVondoGm8MZ1o=\/0x0:1280x958\/640x0\/smart\/filters:strip_icc()\/i.s3.glbimg.com\/v1\/AUTH_59edd422c0c84a879bd37670ae4f538a\/internal_photos\/bs\/2021\/V\/p\/sW11zYSdy035nGqSwdrA\/whatsapp-image-2021-06-03-at-13.19.49.jpeg 640w, https:\/\/s2.glbimg.com\/j2DC61tWcFuVe3x--ho_I06100s=\/0x0:1280x958\/600x0\/smart\/filters:strip_icc()\/i.s3.glbimg.com\/v1\/AUTH_59edd422c0c84a879bd37670ae4f538a\/internal_photos\/bs\/2021\/V\/p\/sW11zYSdy035nGqSwdrA\/whatsapp-image-2021-06-03-at-13.19.49.jpeg 600w\" alt=\"Caminhoneiro disse que o ve\u00edculo apresentou uma pane e ele n\u00e3o conseguiu frear (acidente bauru) \u2014 Foto: Rafael Ferraz \/ TV TEM \" \/><\/figure>\n<\/div>\n<p class=\"content-media__description \">Caminhoneiro disse que o ve\u00edculo apresentou uma pane e ele n\u00e3o conseguiu frear (acidente bauru) \u2014 Foto: Rafael Ferraz \/ TV TEM<\/p>\n<p>Fonte: G1<\/p>\n<\/div>\n<\/div>\n<div class=\"content-ads content-ads--reveal\" data-block-type=\"ads\" data-block-id=\"7\">\n<div id=\"banner_materia2\" class=\"tag-manager-publicidade-container mc-has-reveal mc-has-ad-lazyload tag-manager-publicidade-banner_materia2 tag-manager-publicidade-container--carregado tag-manager-publicidade-container--visivel\" style=\"text-align: justify;\" data-id=\"banner_materia2\" data-req=\"true\" data-google-query-id=\"COPH0_-F_PACFWUzuQYdmPMCHQ\" data-cid=\"138351520451\" data-lid=\"5708682373\"><\/div>\n<\/div>\n<\/div>\n","protected":false},"excerpt":{"rendered":"<p>Uma das v\u00edtimas seria uma crian\u00e7a. Colis\u00e3o traseira aconteceu na Rodovia Comandante Jo\u00e3o Ribeiro de Barros no fim da manh\u00e3 desta quinta-feira (3) em Bauru. Tr\u00eas pessoas, entre elas uma crian\u00e7a, morreram em um acidente na Rodovia Comandante Jo\u00e3o Ribeiros de Barros em Bauru (SP) no fim da manh\u00e3 desta quinta-feira (3). Segundo informa\u00e7\u00f5es da [&hellip;]<\/p>\n","protected":false},"author":1,"featured_media":48793,"comment_status":"closed","ping_status":"open","sticky":false,"template":"","format":"standard","meta":{"footnotes":""},"categories":[170,110],"tags":[],"class_list":["post-48792","post","type-post","status-publish","format-standard","has-post-thumbnail","hentry","category-acidentes","category-noticiasdestaque"],"_links":{"self":[{"href":"https:\/\/jorgezanoni.com.br\/2019\/wp-json\/wp\/v2\/posts\/48792","targetHints":{"allow":["GET"]}}],"collection":[{"href":"https:\/\/jorgezanoni.com.br\/2019\/wp-json\/wp\/v2\/posts"}],"about":[{"href":"https:\/\/jorgezanoni.com.br\/2019\/wp-json\/wp\/v2\/types\/post"}],"author":[{"embeddable":true,"href":"https:\/\/jorgezanoni.com.br\/2019\/wp-json\/wp\/v2\/users\/1"}],"replies":[{"embeddable":true,"href":"https:\/\/jorgezanoni.com.br\/2019\/wp-json\/wp\/v2\/comments?post=48792"}],"version-history":[{"count":0,"href":"https:\/\/jorgezanoni.com.br\/2019\/wp-json\/wp\/v2\/posts\/48792\/revisions"}],"wp:featuredmedia":[{"embeddable":true,"href":"https:\/\/jorgezanoni.com.br\/2019\/wp-json\/wp\/v2\/media\/48793"}],"wp:attachment":[{"href":"https:\/\/jorgezanoni.com.br\/2019\/wp-json\/wp\/v2\/media?parent=48792"}],"wp:term":[{"taxonomy":"category","embeddable":true,"href":"https:\/\/jorgezanoni.com.br\/2019\/wp-json\/wp\/v2\/categories?post=48792"},{"taxonomy":"post_tag","embeddable":true,"href":"https:\/\/jorgezanoni.com.br\/2019\/wp-json\/wp\/v2\/tags?post=48792"}],"curies":[{"name":"wp","href":"https:\/\/api.w.org\/{rel}","templated":true}]}}