{"id":48789,"date":"2021-06-03T17:51:46","date_gmt":"2021-06-03T17:51:46","guid":{"rendered":"https:\/\/jorgezanoni.com.br\/2019\/?p=48789"},"modified":"2021-06-03T17:51:46","modified_gmt":"2021-06-03T17:51:46","slug":"carro-pega-fogo-apos-bater-em-viatura-da-policia-civil-na-rodovia-assis-chateaubriand-em-parapua","status":"publish","type":"post","link":"https:\/\/jorgezanoni.com.br\/2019\/carro-pega-fogo-apos-bater-em-viatura-da-policia-civil-na-rodovia-assis-chateaubriand-em-parapua\/","title":{"rendered":"Carro pega fogo ap\u00f3s bater em viatura da Pol\u00edcia Civil na Rodovia Assis Chateaubriand, em Parapu\u00e3"},"content":{"rendered":"<h2 class=\"content-head__subtitle\" style=\"text-align: justify;\"><strong>Motorista do ve\u00edculo sofreu ferimentos de natureza leve e o escriv\u00e3o que ocupava o autom\u00f3vel oficial n\u00e3o se feriu.<\/strong><\/h2>\n<div class=\"mc-column content-text active-extra-styles \" data-block-type=\"unstyled\" data-block-weight=\"31\" data-block-id=\"2\">\n<p class=\"content-text__container \" style=\"text-align: justify;\" data-track-category=\"Link no Texto\" data-track-links=\"\">Um carro pegou fogo e ficou destru\u00eddo depois de uma batida na Rodovia Assis Chateaubriand (SP-425), em\u00a0<a href=\"http:\/\/g1.globo.com\/sp\/presidente-prudente-regiao\/cidade\/parapua.html\">Parapu\u00e3 (SP)<\/a>. O acidente foi registrado no in\u00edcio da noite desta quarta-feira (2).<\/p>\n<\/div>\n<div class=\"wall protected-content\" style=\"text-align: justify;\">\n<div class=\"mc-column content-text active-extra-styles \" data-block-type=\"unstyled\" data-block-weight=\"29\" data-block-id=\"3\">\n<p class=\"content-text__container \" data-track-category=\"Link no Texto\" data-track-links=\"\">Conforme informou a Pol\u00edcia Rodovi\u00e1ria, uma viatura da Pol\u00edcia Civil fez o trevo para acessar a SP-425 e acabou sendo atingida por um carro, que foi tomado pelas chamas.<\/p>\n<\/div>\n<div class=\"row medium-uncollapsed content-media content-photo\" data-block-type=\"backstage-photo\" data-block-id=\"4\">\n<div class=\"mc-column content-media__container\">\n<div class=\"content-media-container glb-skeleton-box\">\n<figure class=\"content-media-figure\"><img decoding=\"async\" class=\"i-amphtml-fill-content i-amphtml-replaced-content\" src=\"https:\/\/s2.glbimg.com\/VRiXAqlksPQOi94HaUW9tI4khOE=\/0x0:1280x720\/984x0\/smart\/filters:strip_icc()\/i.s3.glbimg.com\/v1\/AUTH_59edd422c0c84a879bd37670ae4f538a\/internal_photos\/bs\/2021\/J\/J\/jArJknTcAxDt927vHk1A\/t99fl60b815abe1d4f.jpeg\" sizes=\"(max-width: 1366px) 648px, 100vw\" srcset=\"https:\/\/s2.glbimg.com\/l3dKnvy_HIG1ZqkVDEtoXwlx_-Q=\/0x0:1280x720\/1000x0\/smart\/filters:strip_icc()\/i.s3.glbimg.com\/v1\/AUTH_59edd422c0c84a879bd37670ae4f538a\/internal_photos\/bs\/2021\/J\/J\/jArJknTcAxDt927vHk1A\/t99fl60b815abe1d4f.jpeg 1000w, https:\/\/s2.glbimg.com\/VRiXAqlksPQOi94HaUW9tI4khOE=\/0x0:1280x720\/984x0\/smart\/filters:strip_icc()\/i.s3.glbimg.com\/v1\/AUTH_59edd422c0c84a879bd37670ae4f538a\/internal_photos\/bs\/2021\/J\/J\/jArJknTcAxDt927vHk1A\/t99fl60b815abe1d4f.jpeg 984w, https:\/\/s2.glbimg.com\/q1u50s0uNU0koVixNC3BfflkJa4=\/0x0:1280x720\/640x0\/smart\/filters:strip_icc()\/i.s3.glbimg.com\/v1\/AUTH_59edd422c0c84a879bd37670ae4f538a\/internal_photos\/bs\/2021\/J\/J\/jArJknTcAxDt927vHk1A\/t99fl60b815abe1d4f.jpeg 640w, https:\/\/s2.glbimg.com\/U-U6Woxp16xz1BBIozfMNpT4SZI=\/0x0:1280x720\/600x0\/smart\/filters:strip_icc()\/i.s3.glbimg.com\/v1\/AUTH_59edd422c0c84a879bd37670ae4f538a\/internal_photos\/bs\/2021\/J\/J\/jArJknTcAxDt927vHk1A\/t99fl60b815abe1d4f.jpeg 600w\" alt=\"Viatura da Pol\u00edcia Civil foi atingida ao acessar a Rodovia Assis Chateaubriand  \u2014 Foto: Cristiano Nascimento\/CN News\" \/><\/figure>\n<\/div>\n<p class=\"content-media__description \">Viatura da Pol\u00edcia Civil foi atingida ao acessar a Rodovia Assis Chateaubriand \u2014 Foto: Cristiano Nascimento\/CN News<\/p>\n<\/div>\n<\/div>\n<div class=\"mc-column content-text active-extra-styles \" data-block-type=\"unstyled\" data-block-weight=\"27\" data-block-id=\"5\">\n<p class=\"content-text__container \" data-track-category=\"Link no Texto\" data-track-links=\"\">O motorista do carro sofreu ferimentos de natureza leve e foi levado para um hospital de Tup\u00e3. J\u00e1 o escriv\u00e3o que dirigia a viatura, n\u00e3o se machucou.<\/p>\n<\/div>\n<div class=\"mc-column content-text active-extra-styles \" data-block-type=\"unstyled\" data-block-weight=\"9\" data-block-id=\"6\">\n<p class=\"content-text__container \" data-track-category=\"Link no Texto\" data-track-links=\"\">Investiga\u00e7\u00f5es devem apurar as circunst\u00e2ncias do acidente de tr\u00e2nsito.<\/p>\n<\/div>\n<div class=\"row medium-uncollapsed content-media content-photo\" data-block-type=\"backstage-photo\" data-block-id=\"7\">\n<div class=\"mc-column content-media__container\">\n<div class=\"content-media-container glb-skeleton-box\">\n<figure class=\"content-media-figure\"><img decoding=\"async\" class=\"i-amphtml-fill-content i-amphtml-replaced-content\" src=\"https:\/\/s2.glbimg.com\/b730ks7HkrXuXm9VMnvr8mvHocM=\/0x0:1280x720\/984x0\/smart\/filters:strip_icc()\/i.s3.glbimg.com\/v1\/AUTH_59edd422c0c84a879bd37670ae4f538a\/internal_photos\/bs\/2021\/t\/w\/PAEPoKS921JqFQuLX5jg\/t99fl60b815abc66e9.jpeg\" sizes=\"(max-width: 1366px) 648px, 100vw\" srcset=\"https:\/\/s2.glbimg.com\/w7GfA_Xbnzgq2kvsndnmIn3bI_k=\/0x0:1280x720\/1000x0\/smart\/filters:strip_icc()\/i.s3.glbimg.com\/v1\/AUTH_59edd422c0c84a879bd37670ae4f538a\/internal_photos\/bs\/2021\/t\/w\/PAEPoKS921JqFQuLX5jg\/t99fl60b815abc66e9.jpeg 1000w, https:\/\/s2.glbimg.com\/b730ks7HkrXuXm9VMnvr8mvHocM=\/0x0:1280x720\/984x0\/smart\/filters:strip_icc()\/i.s3.glbimg.com\/v1\/AUTH_59edd422c0c84a879bd37670ae4f538a\/internal_photos\/bs\/2021\/t\/w\/PAEPoKS921JqFQuLX5jg\/t99fl60b815abc66e9.jpeg 984w, https:\/\/s2.glbimg.com\/k1r9YRH-8S6WKqsr0ex2VlmLVwo=\/0x0:1280x720\/640x0\/smart\/filters:strip_icc()\/i.s3.glbimg.com\/v1\/AUTH_59edd422c0c84a879bd37670ae4f538a\/internal_photos\/bs\/2021\/t\/w\/PAEPoKS921JqFQuLX5jg\/t99fl60b815abc66e9.jpeg 640w, https:\/\/s2.glbimg.com\/f_2gDbeQ6A9Svw8b7YLvdRUfDu4=\/0x0:1280x720\/600x0\/smart\/filters:strip_icc()\/i.s3.glbimg.com\/v1\/AUTH_59edd422c0c84a879bd37670ae4f538a\/internal_photos\/bs\/2021\/t\/w\/PAEPoKS921JqFQuLX5jg\/t99fl60b815abc66e9.jpeg 600w\" alt=\"Carro ficou destru\u00eddo depois de bater contra viatura policial e pegar fogo \u2014 Foto: Cristiano Nascimento\/CN News\" \/><\/figure>\n<\/div>\n<p class=\"content-media__description \">Carro ficou destru\u00eddo depois de bater contra viatura policial e pegar fogo \u2014 Foto: Cristiano Nascimento\/CN News<\/p>\n<\/div>\n<\/div>\n<div class=\"content-ads content-ads--reveal\" data-block-type=\"ads\" data-block-id=\"8\">\n<div id=\"banner_materia2\" class=\"tag-manager-publicidade-container mc-has-reveal mc-has-ad-lazyload tag-manager-publicidade-banner_materia2 tag-manager-publicidade-container--carregado tag-manager-publicidade-container--visivel\" data-id=\"banner_materia2\" data-req=\"true\" data-google-query-id=\"CKmSn5OD_PACFTk0uQYdEh4D7A\" data-cid=\"138351520451\" data-lid=\"5708682373\">\n<div id=\"google_ads_iframe_\/95377733\/tvg_G1\/Sua_Regiao&gt;Sudeste&gt;Sao_Paulo_(Pres_Prudente)_3__container__\" style=\"box-sizing: inherit; margin: auto; padding: 0px; border: 0pt none; font: inherit; vertical-align: initial; max-width: 100%; text-align: center; width: 970px; height: 250px;\"><img decoding=\"async\" class=\"i-amphtml-fill-content i-amphtml-replaced-content\" src=\"https:\/\/s2.glbimg.com\/5K8Z9VUXdyFcsinLyW9GZGtDFHc=\/0x0:1280x720\/984x0\/smart\/filters:strip_icc()\/i.s3.glbimg.com\/v1\/AUTH_59edd422c0c84a879bd37670ae4f538a\/internal_photos\/bs\/2021\/u\/T\/0rlANFSPCERT8bNyH0Xw\/t99fl60b815abea1f9.jpeg\" sizes=\"(max-width: 1366px) 648px, 100vw\" srcset=\"https:\/\/s2.glbimg.com\/s5yveJ52nFwdtQYk5r1gyLJACFc=\/0x0:1280x720\/1000x0\/smart\/filters:strip_icc()\/i.s3.glbimg.com\/v1\/AUTH_59edd422c0c84a879bd37670ae4f538a\/internal_photos\/bs\/2021\/u\/T\/0rlANFSPCERT8bNyH0Xw\/t99fl60b815abea1f9.jpeg 1000w, https:\/\/s2.glbimg.com\/5K8Z9VUXdyFcsinLyW9GZGtDFHc=\/0x0:1280x720\/984x0\/smart\/filters:strip_icc()\/i.s3.glbimg.com\/v1\/AUTH_59edd422c0c84a879bd37670ae4f538a\/internal_photos\/bs\/2021\/u\/T\/0rlANFSPCERT8bNyH0Xw\/t99fl60b815abea1f9.jpeg 984w, https:\/\/s2.glbimg.com\/7l3t3-Ky6zHdIHkmKA-BPUVXAJM=\/0x0:1280x720\/640x0\/smart\/filters:strip_icc()\/i.s3.glbimg.com\/v1\/AUTH_59edd422c0c84a879bd37670ae4f538a\/internal_photos\/bs\/2021\/u\/T\/0rlANFSPCERT8bNyH0Xw\/t99fl60b815abea1f9.jpeg 640w, https:\/\/s2.glbimg.com\/lUiwr7S0iBslB2CdvgzKjibWfPw=\/0x0:1280x720\/600x0\/smart\/filters:strip_icc()\/i.s3.glbimg.com\/v1\/AUTH_59edd422c0c84a879bd37670ae4f538a\/internal_photos\/bs\/2021\/u\/T\/0rlANFSPCERT8bNyH0Xw\/t99fl60b815abea1f9.jpeg 600w\" alt=\"Carro ficou destru\u00eddo depois de bater contra viatura policial e pegar fogo \u2014 Foto: Cristiano Nascimento\/CN News\" \/><\/div>\n<\/div>\n<\/div>\n<\/div>\n<div style=\"text-align: justify;\"><\/div>\n<div style=\"text-align: justify;\"><\/div>\n<div style=\"text-align: justify;\"><\/div>\n<div style=\"text-align: justify;\"><\/div>\n<div style=\"text-align: justify;\"><\/div>\n<div class=\"wall protected-content\">\n<div class=\"row medium-uncollapsed content-media content-photo\" data-block-type=\"backstage-photo\" data-block-id=\"9\">\n<div class=\"mc-column content-media__container\">\n<p class=\"content-media__description \" style=\"text-align: justify;\">Carro ficou destru\u00eddo depois de bater contra viatura policial e pegar fogo \u2014 Foto: Cristiano Nascimento\/CN News<\/p>\n<p style=\"text-align: justify;\">Fonte: G1<\/p>\n<\/div>\n<\/div>\n<\/div>\n","protected":false},"excerpt":{"rendered":"<p>Motorista do ve\u00edculo sofreu ferimentos de natureza leve e o escriv\u00e3o que ocupava o autom\u00f3vel oficial n\u00e3o se feriu. Um carro pegou fogo e ficou destru\u00eddo depois de uma batida na Rodovia Assis Chateaubriand (SP-425), em\u00a0Parapu\u00e3 (SP). O acidente foi registrado no in\u00edcio da noite desta quarta-feira (2). Conforme informou a Pol\u00edcia Rodovi\u00e1ria, uma viatura [&hellip;]<\/p>\n","protected":false},"author":1,"featured_media":48790,"comment_status":"closed","ping_status":"open","sticky":false,"template":"","format":"standard","meta":{"footnotes":""},"categories":[170,110],"tags":[],"class_list":["post-48789","post","type-post","status-publish","format-standard","has-post-thumbnail","hentry","category-acidentes","category-noticiasdestaque"],"_links":{"self":[{"href":"https:\/\/jorgezanoni.com.br\/2019\/wp-json\/wp\/v2\/posts\/48789","targetHints":{"allow":["GET"]}}],"collection":[{"href":"https:\/\/jorgezanoni.com.br\/2019\/wp-json\/wp\/v2\/posts"}],"about":[{"href":"https:\/\/jorgezanoni.com.br\/2019\/wp-json\/wp\/v2\/types\/post"}],"author":[{"embeddable":true,"href":"https:\/\/jorgezanoni.com.br\/2019\/wp-json\/wp\/v2\/users\/1"}],"replies":[{"embeddable":true,"href":"https:\/\/jorgezanoni.com.br\/2019\/wp-json\/wp\/v2\/comments?post=48789"}],"version-history":[{"count":0,"href":"https:\/\/jorgezanoni.com.br\/2019\/wp-json\/wp\/v2\/posts\/48789\/revisions"}],"wp:featuredmedia":[{"embeddable":true,"href":"https:\/\/jorgezanoni.com.br\/2019\/wp-json\/wp\/v2\/media\/48790"}],"wp:attachment":[{"href":"https:\/\/jorgezanoni.com.br\/2019\/wp-json\/wp\/v2\/media?parent=48789"}],"wp:term":[{"taxonomy":"category","embeddable":true,"href":"https:\/\/jorgezanoni.com.br\/2019\/wp-json\/wp\/v2\/categories?post=48789"},{"taxonomy":"post_tag","embeddable":true,"href":"https:\/\/jorgezanoni.com.br\/2019\/wp-json\/wp\/v2\/tags?post=48789"}],"curies":[{"name":"wp","href":"https:\/\/api.w.org\/{rel}","templated":true}]}}