{"id":48786,"date":"2021-06-03T17:34:32","date_gmt":"2021-06-03T17:34:32","guid":{"rendered":"https:\/\/jorgezanoni.com.br\/2019\/?p=48786"},"modified":"2021-06-03T17:34:32","modified_gmt":"2021-06-03T17:34:32","slug":"veiculo-capota-apos-bater-em-carro-na-rodovia-julio-budisk-em-alvares-machado","status":"publish","type":"post","link":"https:\/\/jorgezanoni.com.br\/2019\/veiculo-capota-apos-bater-em-carro-na-rodovia-julio-budisk-em-alvares-machado\/","title":{"rendered":"Ve\u00edculo capota ap\u00f3s bater em carro na Rodovia J\u00falio Budisk, em \u00c1lvares Machado"},"content":{"rendered":"<h2 class=\"content-head__subtitle\" style=\"text-align: justify;\"><strong>Pol\u00edcia Militar Rodovi\u00e1ria foi acionada para atender a ocorr\u00eancia nesta quinta-feira (3). Corpora\u00e7\u00e3o constatou, a princ\u00edpio, que uma v\u00edtima teve ferimentos leves.<\/strong><\/h2>\n<div class=\"mc-column content-text active-extra-styles \" style=\"text-align: justify;\" data-block-type=\"unstyled\" data-block-weight=\"29\" data-block-id=\"2\">\n<p class=\"content-text__container \" data-track-category=\"Link no Texto\" data-track-links=\"\">A Pol\u00edcia Militar Rodovi\u00e1ria foi acionada na manh\u00e3 desta quinta-feira (3) para atender a um acidente de tr\u00e2nsito na Rodovia J\u00falio Budisk (SP-501), no trecho de\u00a0<a href=\"https:\/\/g1.globo.com\/sp\/presidente-prudente-regiao\/cidade\/alfredo-marcondes\/\">Alfredo Marcondes<\/a>.<\/p>\n<\/div>\n<div class=\"wall protected-content\">\n<div class=\"mc-column content-text active-extra-styles \" style=\"text-align: justify;\" data-block-type=\"unstyled\" data-block-weight=\"29\" data-block-id=\"3\">\n<p class=\"content-text__container \" data-track-category=\"Link no Texto\" data-track-links=\"\">De acordo com a corpora\u00e7\u00e3o, os ve\u00edculos envolvidos seguiam em dire\u00e7\u00f5es opostas, entre os munic\u00edpios de Santo Expedito e \u00c1lvares Machado, quando por raz\u00f5es a serem apuradas, colidiram transversalmente.<\/p>\n<\/div>\n<div class=\"mc-column content-text active-extra-styles \" style=\"text-align: justify;\" data-block-type=\"unstyled\" data-block-weight=\"15\" data-block-id=\"4\">\n<p class=\"content-text__container \" data-track-category=\"Link no Texto\" data-track-links=\"\">Com o impacto da batida, um dos carros capotou por diversas vezes na pista.<\/p>\n<\/div>\n<div class=\"mc-column content-text active-extra-styles \" style=\"text-align: justify;\" data-block-type=\"unstyled\" data-block-weight=\"14\" data-block-id=\"5\">\n<p class=\"content-text__container \" data-track-category=\"Link no Texto\" data-track-links=\"\">Tr\u00eas pessoas estavam no ve\u00edculo que capotou, mas n\u00e3o se feriram, conforme a pol\u00edcia.<\/p>\n<\/div>\n<div class=\"mc-column content-text active-extra-styles \" style=\"text-align: justify;\" data-block-type=\"unstyled\" data-block-weight=\"32\" data-block-id=\"6\">\n<p class=\"content-text__container \" data-track-category=\"Link no Texto\" data-track-links=\"\">A Pol\u00edcia Rodovi\u00e1ria constatou que, a principio, uma v\u00edtima sofreu ferimentos leve. Ela foi socorrida e levada \u00e0 Santa Casa de Presidente Prudente. A mulher, de 20 anos, \u00e9 moradora de Dracena.<\/p>\n<\/div>\n<div class=\"mc-column content-text active-extra-styles \" style=\"text-align: justify;\" data-block-type=\"unstyled\" data-block-weight=\"6\" data-block-id=\"7\">\n<p class=\"content-text__container \" data-track-category=\"Link no Texto\" data-track-links=\"\">A ocorr\u00eancia segue em atendimento.<\/p>\n<\/div>\n<div class=\"row medium-uncollapsed content-media content-photo\" style=\"text-align: justify;\" data-block-type=\"backstage-photo\" data-block-id=\"8\">\n<div class=\"mc-column content-media__container\">\n<div class=\"content-media-container glb-skeleton-box\">\n<figure class=\"content-media-figure\"><img decoding=\"async\" class=\"i-amphtml-fill-content i-amphtml-replaced-content\" src=\"https:\/\/s2.glbimg.com\/OQlADC0QiBlnkPaw1ALz71Re-cs=\/0x0:1280x960\/984x0\/smart\/filters:strip_icc()\/i.s3.glbimg.com\/v1\/AUTH_59edd422c0c84a879bd37670ae4f538a\/internal_photos\/bs\/2021\/m\/Y\/L1HsOpQiGwyDE1xDAVQg\/whatsapp-image-2021-06-03-at-11.50.52-1-.jpeg\" sizes=\"(max-width: 1366px) 648px, 100vw\" srcset=\"https:\/\/s2.glbimg.com\/gLlAcbHvvWuarJeucHa_VUD1a08=\/0x0:1280x960\/1000x0\/smart\/filters:strip_icc()\/i.s3.glbimg.com\/v1\/AUTH_59edd422c0c84a879bd37670ae4f538a\/internal_photos\/bs\/2021\/m\/Y\/L1HsOpQiGwyDE1xDAVQg\/whatsapp-image-2021-06-03-at-11.50.52-1-.jpeg 1000w, https:\/\/s2.glbimg.com\/OQlADC0QiBlnkPaw1ALz71Re-cs=\/0x0:1280x960\/984x0\/smart\/filters:strip_icc()\/i.s3.glbimg.com\/v1\/AUTH_59edd422c0c84a879bd37670ae4f538a\/internal_photos\/bs\/2021\/m\/Y\/L1HsOpQiGwyDE1xDAVQg\/whatsapp-image-2021-06-03-at-11.50.52-1-.jpeg 984w, https:\/\/s2.glbimg.com\/vFcNclaebj13O0gU0BQwqq5JVRI=\/0x0:1280x960\/640x0\/smart\/filters:strip_icc()\/i.s3.glbimg.com\/v1\/AUTH_59edd422c0c84a879bd37670ae4f538a\/internal_photos\/bs\/2021\/m\/Y\/L1HsOpQiGwyDE1xDAVQg\/whatsapp-image-2021-06-03-at-11.50.52-1-.jpeg 640w, https:\/\/s2.glbimg.com\/AhzhNpmPoOdaji50clzJ32MhQ0Y=\/0x0:1280x960\/600x0\/smart\/filters:strip_icc()\/i.s3.glbimg.com\/v1\/AUTH_59edd422c0c84a879bd37670ae4f538a\/internal_photos\/bs\/2021\/m\/Y\/L1HsOpQiGwyDE1xDAVQg\/whatsapp-image-2021-06-03-at-11.50.52-1-.jpeg 600w\" alt=\"Acidente de tr\u00e2nsito foi registrado nesta quinta-feira (3), em Alfredo Marcondes \u2014 Foto: Pol\u00edcia Rodovi\u00e1ria \" \/><\/figure>\n<\/div>\n<p class=\"content-media__description \">Acidente de tr\u00e2nsito foi registrado nesta quinta-feira (3), em Alfredo Marcondes \u2014 Foto: Pol\u00edcia Rodovi\u00e1ria<\/p>\n<\/div>\n<\/div>\n<div class=\"row medium-uncollapsed content-media content-photo\" style=\"text-align: justify;\" data-block-type=\"backstage-photo\" data-block-id=\"10\">\n<div class=\"mc-column content-media__container\">\n<div class=\"content-media-container glb-skeleton-box\">\n<figure class=\"content-media-figure\"><img decoding=\"async\" class=\"i-amphtml-fill-content i-amphtml-replaced-content\" src=\"https:\/\/s2.glbimg.com\/n7ug5UPQQvehblRiVSvQNFcnXgs=\/0x0:960x515\/984x0\/smart\/filters:strip_icc()\/i.s3.glbimg.com\/v1\/AUTH_59edd422c0c84a879bd37670ae4f538a\/internal_photos\/bs\/2021\/V\/x\/DrdgdGQxSwy2VNsARaSQ\/whatsapp-image-2021-06-03-at-11.50.52.jpeg\" sizes=\"(max-width: 1366px) 648px, 100vw\" srcset=\"https:\/\/s2.glbimg.com\/mwfuT2-QuElZeLJg5eSJwoS3uQ4=\/0x0:960x515\/1000x0\/smart\/filters:strip_icc()\/i.s3.glbimg.com\/v1\/AUTH_59edd422c0c84a879bd37670ae4f538a\/internal_photos\/bs\/2021\/V\/x\/DrdgdGQxSwy2VNsARaSQ\/whatsapp-image-2021-06-03-at-11.50.52.jpeg 1000w, https:\/\/s2.glbimg.com\/n7ug5UPQQvehblRiVSvQNFcnXgs=\/0x0:960x515\/984x0\/smart\/filters:strip_icc()\/i.s3.glbimg.com\/v1\/AUTH_59edd422c0c84a879bd37670ae4f538a\/internal_photos\/bs\/2021\/V\/x\/DrdgdGQxSwy2VNsARaSQ\/whatsapp-image-2021-06-03-at-11.50.52.jpeg 984w, https:\/\/s2.glbimg.com\/c2v0AQuqf6WOsKGGO8ENJypC0RY=\/0x0:960x515\/640x0\/smart\/filters:strip_icc()\/i.s3.glbimg.com\/v1\/AUTH_59edd422c0c84a879bd37670ae4f538a\/internal_photos\/bs\/2021\/V\/x\/DrdgdGQxSwy2VNsARaSQ\/whatsapp-image-2021-06-03-at-11.50.52.jpeg 640w, https:\/\/s2.glbimg.com\/DII8CiDeWTrHwr3zx1LPghIJcO4=\/0x0:960x515\/600x0\/smart\/filters:strip_icc()\/i.s3.glbimg.com\/v1\/AUTH_59edd422c0c84a879bd37670ae4f538a\/internal_photos\/bs\/2021\/V\/x\/DrdgdGQxSwy2VNsARaSQ\/whatsapp-image-2021-06-03-at-11.50.52.jpeg 600w\" alt=\"Acidente de tr\u00e2nsito foi registrado nesta quinta-feira (3), em Alfredo Marcondes \u2014 Foto: Pol\u00edcia Rodovi\u00e1ria \" \/><\/figure>\n<\/div>\n<p class=\"content-media__description \">Acidente de tr\u00e2nsito foi registrado nesta quinta-feira (3), em Alfredo Marcondes \u2014 Foto: Pol\u00edcia Rodovi\u00e1ria<\/p>\n<\/div>\n<\/div>\n<div class=\"row medium-uncollapsed content-media content-photo\" style=\"text-align: justify;\" data-block-type=\"backstage-photo\" data-block-id=\"11\">\n<div class=\"mc-column content-media__container\">\n<div class=\"content-media-container glb-skeleton-box\">\n<figure class=\"content-media-figure\"><img decoding=\"async\" class=\"i-amphtml-fill-content i-amphtml-replaced-content\" src=\"https:\/\/s2.glbimg.com\/D_AqdAreohKtdZEpY1uIAujgi3s=\/0x0:1024x768\/984x0\/smart\/filters:strip_icc()\/i.s3.glbimg.com\/v1\/AUTH_59edd422c0c84a879bd37670ae4f538a\/internal_photos\/bs\/2021\/L\/O\/WYNL9jShS5dIvrAis6fQ\/whatsapp-image-2021-06-03-at-12.37.56.jpeg\" sizes=\"(max-width: 1366px) 648px, 100vw\" srcset=\"https:\/\/s2.glbimg.com\/crXPD3QUgVF-RgXS6_Bc2TXSjBE=\/0x0:1024x768\/1000x0\/smart\/filters:strip_icc()\/i.s3.glbimg.com\/v1\/AUTH_59edd422c0c84a879bd37670ae4f538a\/internal_photos\/bs\/2021\/L\/O\/WYNL9jShS5dIvrAis6fQ\/whatsapp-image-2021-06-03-at-12.37.56.jpeg 1000w, https:\/\/s2.glbimg.com\/D_AqdAreohKtdZEpY1uIAujgi3s=\/0x0:1024x768\/984x0\/smart\/filters:strip_icc()\/i.s3.glbimg.com\/v1\/AUTH_59edd422c0c84a879bd37670ae4f538a\/internal_photos\/bs\/2021\/L\/O\/WYNL9jShS5dIvrAis6fQ\/whatsapp-image-2021-06-03-at-12.37.56.jpeg 984w, https:\/\/s2.glbimg.com\/kT-sIP1NjBn6YsjqkscbF8sUFOQ=\/0x0:1024x768\/640x0\/smart\/filters:strip_icc()\/i.s3.glbimg.com\/v1\/AUTH_59edd422c0c84a879bd37670ae4f538a\/internal_photos\/bs\/2021\/L\/O\/WYNL9jShS5dIvrAis6fQ\/whatsapp-image-2021-06-03-at-12.37.56.jpeg 640w, https:\/\/s2.glbimg.com\/4ExFzPU7nbU15sGOZ0DKtNUmX1s=\/0x0:1024x768\/600x0\/smart\/filters:strip_icc()\/i.s3.glbimg.com\/v1\/AUTH_59edd422c0c84a879bd37670ae4f538a\/internal_photos\/bs\/2021\/L\/O\/WYNL9jShS5dIvrAis6fQ\/whatsapp-image-2021-06-03-at-12.37.56.jpeg 600w\" alt=\"Acidente de tr\u00e2nsito foi registrado nesta quinta-feira (3), em Alfredo Marcondes \u2014 Foto: Bill Paschoallotto\/TV Fronteira \" \/><\/figure>\n<\/div>\n<p class=\"content-media__description \">Acidente de tr\u00e2nsito foi registrado nesta quinta-feira (3), em Alfredo Marcondes \u2014 Foto: Bill Paschoallotto\/TV Fronteira<\/p>\n<\/div>\n<\/div>\n<div class=\"row medium-uncollapsed content-media content-photo\" data-block-type=\"backstage-photo\" data-block-id=\"12\">\n<div class=\"mc-column content-media__container\">\n<div class=\"content-media-container glb-skeleton-box\" style=\"text-align: justify;\">\n<figure class=\"content-media-figure\"><img decoding=\"async\" class=\"i-amphtml-fill-content i-amphtml-replaced-content\" src=\"https:\/\/s2.glbimg.com\/kAzqELluX1of72i_LNZZbgBwVTY=\/0x0:1024x768\/984x0\/smart\/filters:strip_icc()\/i.s3.glbimg.com\/v1\/AUTH_59edd422c0c84a879bd37670ae4f538a\/internal_photos\/bs\/2021\/z\/1\/p3WwJ2SFi4e1IJ4AvYIg\/whatsapp-image-2021-06-03-at-12.37.56-1-.jpeg\" sizes=\"(max-width: 1366px) 648px, 100vw\" srcset=\"https:\/\/s2.glbimg.com\/ilBuIHHr3PqTX6hsSc4yPVPSkwg=\/0x0:1024x768\/1000x0\/smart\/filters:strip_icc()\/i.s3.glbimg.com\/v1\/AUTH_59edd422c0c84a879bd37670ae4f538a\/internal_photos\/bs\/2021\/z\/1\/p3WwJ2SFi4e1IJ4AvYIg\/whatsapp-image-2021-06-03-at-12.37.56-1-.jpeg 1000w, https:\/\/s2.glbimg.com\/kAzqELluX1of72i_LNZZbgBwVTY=\/0x0:1024x768\/984x0\/smart\/filters:strip_icc()\/i.s3.glbimg.com\/v1\/AUTH_59edd422c0c84a879bd37670ae4f538a\/internal_photos\/bs\/2021\/z\/1\/p3WwJ2SFi4e1IJ4AvYIg\/whatsapp-image-2021-06-03-at-12.37.56-1-.jpeg 984w, https:\/\/s2.glbimg.com\/YvvP0FikU-vkGm1RzIK-PQM09dI=\/0x0:1024x768\/640x0\/smart\/filters:strip_icc()\/i.s3.glbimg.com\/v1\/AUTH_59edd422c0c84a879bd37670ae4f538a\/internal_photos\/bs\/2021\/z\/1\/p3WwJ2SFi4e1IJ4AvYIg\/whatsapp-image-2021-06-03-at-12.37.56-1-.jpeg 640w, https:\/\/s2.glbimg.com\/-_jrR6Nh8Y-s6ysKMykcuj5hSYY=\/0x0:1024x768\/600x0\/smart\/filters:strip_icc()\/i.s3.glbimg.com\/v1\/AUTH_59edd422c0c84a879bd37670ae4f538a\/internal_photos\/bs\/2021\/z\/1\/p3WwJ2SFi4e1IJ4AvYIg\/whatsapp-image-2021-06-03-at-12.37.56-1-.jpeg 600w\" alt=\"Acidente de tr\u00e2nsito foi registrado nesta quinta-feira (3), em Alfredo Marcondes \u2014 Foto: Bill Paschoallotto\/TV Fronteira \" \/><\/figure>\n<\/div>\n<p class=\"content-media__description \" style=\"text-align: justify;\">Acidente de tr\u00e2nsito foi registrado nesta quinta-feira (3), em Alfredo Marcondes \u2014 Foto: Bill Paschoallotto\/TV Fronteira<\/p>\n<div class=\"row medium-uncollapsed content-media content-photo\" data-block-type=\"backstage-photo\" data-block-id=\"8\">\n<div class=\"mc-column content-media__container\">\n<p style=\"text-align: justify;\">Fonte: G1<\/p>\n<\/div>\n<\/div>\n<div class=\"content-ads content-ads--reveal\" data-block-type=\"ads\" data-block-id=\"9\">\n<div id=\"banner_materia2\" class=\"tag-manager-publicidade-container mc-has-reveal mc-has-ad-lazyload tag-manager-publicidade-banner_materia2 tag-manager-publicidade-container--carregado tag-manager-publicidade-container--visivel\" data-id=\"banner_materia2\" data-req=\"true\" data-google-query-id=\"CPbXh4v_-_ACFZAzuQYdlmsE3A\" data-cid=\"138351579159\" data-lid=\"5707684272\">\n<div id=\"google_ads_iframe_\/95377733\/tvg_G1\/Sua_Regiao&gt;Sudeste&gt;Sao_Paulo_(Pres_Prudente)_5__container__\" style=\"box-sizing: inherit; margin: auto; padding: 0px; border: 0pt none; font: inherit; vertical-align: initial; max-width: 100%; text-align: center;\"><\/div>\n<\/div>\n<\/div>\n<\/div>\n<\/div>\n<\/div>\n","protected":false},"excerpt":{"rendered":"<p>Pol\u00edcia Militar Rodovi\u00e1ria foi acionada para atender a ocorr\u00eancia nesta quinta-feira (3). Corpora\u00e7\u00e3o constatou, a princ\u00edpio, que uma v\u00edtima teve ferimentos leves. A Pol\u00edcia Militar Rodovi\u00e1ria foi acionada na manh\u00e3 desta quinta-feira (3) para atender a um acidente de tr\u00e2nsito na Rodovia J\u00falio Budisk (SP-501), no trecho de\u00a0Alfredo Marcondes. De acordo com a corpora\u00e7\u00e3o, os [&hellip;]<\/p>\n","protected":false},"author":1,"featured_media":48787,"comment_status":"closed","ping_status":"open","sticky":false,"template":"","format":"standard","meta":{"footnotes":""},"categories":[170,110],"tags":[],"class_list":["post-48786","post","type-post","status-publish","format-standard","has-post-thumbnail","hentry","category-acidentes","category-noticiasdestaque"],"_links":{"self":[{"href":"https:\/\/jorgezanoni.com.br\/2019\/wp-json\/wp\/v2\/posts\/48786","targetHints":{"allow":["GET"]}}],"collection":[{"href":"https:\/\/jorgezanoni.com.br\/2019\/wp-json\/wp\/v2\/posts"}],"about":[{"href":"https:\/\/jorgezanoni.com.br\/2019\/wp-json\/wp\/v2\/types\/post"}],"author":[{"embeddable":true,"href":"https:\/\/jorgezanoni.com.br\/2019\/wp-json\/wp\/v2\/users\/1"}],"replies":[{"embeddable":true,"href":"https:\/\/jorgezanoni.com.br\/2019\/wp-json\/wp\/v2\/comments?post=48786"}],"version-history":[{"count":0,"href":"https:\/\/jorgezanoni.com.br\/2019\/wp-json\/wp\/v2\/posts\/48786\/revisions"}],"wp:featuredmedia":[{"embeddable":true,"href":"https:\/\/jorgezanoni.com.br\/2019\/wp-json\/wp\/v2\/media\/48787"}],"wp:attachment":[{"href":"https:\/\/jorgezanoni.com.br\/2019\/wp-json\/wp\/v2\/media?parent=48786"}],"wp:term":[{"taxonomy":"category","embeddable":true,"href":"https:\/\/jorgezanoni.com.br\/2019\/wp-json\/wp\/v2\/categories?post=48786"},{"taxonomy":"post_tag","embeddable":true,"href":"https:\/\/jorgezanoni.com.br\/2019\/wp-json\/wp\/v2\/tags?post=48786"}],"curies":[{"name":"wp","href":"https:\/\/api.w.org\/{rel}","templated":true}]}}