{"id":48782,"date":"2021-06-03T17:15:30","date_gmt":"2021-06-03T17:15:30","guid":{"rendered":"https:\/\/jorgezanoni.com.br\/2019\/?p=48782"},"modified":"2021-06-03T17:15:30","modified_gmt":"2021-06-03T17:15:30","slug":"sintomas-de-depressao-na-gravidez-e-como-e-o-tratamento-por-cidinha-pascoaloto","status":"publish","type":"post","link":"https:\/\/jorgezanoni.com.br\/2019\/sintomas-de-depressao-na-gravidez-e-como-e-o-tratamento-por-cidinha-pascoaloto\/","title":{"rendered":"Sintomas de depress\u00e3o na gravidez e como \u00e9 o tratamento (por Cidinha Pascoaloto)"},"content":{"rendered":"<p style=\"text-align: justify;\">Sintomas de depress\u00e3o na gravidez e como \u00e9 o tratamento<\/p>\n<p style=\"text-align: justify;\">A gravidez \u00e9 idealizada como um dos momentos mais felizes da vida de uma mulher, entretanto, para algumas mulheres \u00e9 um momento de confus\u00e3o, medo, estresse e at\u00e9 depress\u00e3o. A depress\u00e3o \u00e9 um transtorno do humor caracterizado por um sentimento persistente de tristeza e perda de interesse pelas coisas. Ela \u00e9 mais frequente em mulheres do que em homens, \u00e9 mais comum durante a idade reprodutiva da mulher. A depress\u00e3o nessa fase pode resultar\u00a0em\u00a0desinteresse pela gravidez e trazer consequ\u00eancias para o beb\u00ea. Essa\u00a0situa\u00e7\u00e3o pode acontecer devido \u00e0s varia\u00e7\u00f5es hormonais, medo de ser m\u00e3e pela primeira vez, falta de apoio emocional, conforto, carinho, n\u00e3o estar casada, n\u00e3o ter seguran\u00e7a financeira, estar separada, problemas estressantes como brigas com o companheiro ou\u00a0n\u00e3o ter planejado a gravidez entre outras situa\u00e7\u00f5es.<\/p>\n<p style=\"text-align: justify;\">\u00a0Falta de assist\u00eancia podem desencadear a depress\u00e3o na mulher durante a gravidez<\/p>\n<p style=\"text-align: justify;\">\u00a0As adolescentes s\u00e3o as que tem maiores chances de sofrer com a depress\u00e3o durante a gravidez, especialmente se j\u00e1 teve crise de ansiedade ou depress\u00e3o anteriormente.<\/p>\n<p style=\"text-align: justify;\">O diagn\u00f3stico da depress\u00e3o na gravidez \u00e9 feito pelo m\u00e9dico a partir da observa\u00e7\u00e3o dos sinais e sintomas apresentados pela mulher. A partir do momento que \u00e9 feito o diagn\u00f3stico, \u00e9 poss\u00edvel iniciar o tratamento que muitas vezes \u00e9 feito por meio de psicoterapia aplicada por um psic\u00f3logo. A psicoterapia melhora\u00a0a qualidade de vida e aumenta\u00a0a autoconfian\u00e7a da mulher. A indica\u00e7\u00e3o de atividades f\u00edsica, alimenta\u00e7\u00e3o saud\u00e1vel e o apoio familiar s\u00e3o outras formas indispens\u00e1veis e fortalece o tratamento da depress\u00e3o na gravidez.<\/p>\n<p style=\"text-align: justify;\">A depress\u00e3o na gravidez jamais deve ser ignorada. Quando n\u00e3o tratada tamb\u00e9m pode prejudicar o feto e levar a epis\u00f3dios depressivos no p\u00f3s-parto.<\/p>\n<p style=\"text-align: justify;\"><img loading=\"lazy\" decoding=\"async\" class=\"alignnone size-full wp-image-48784\" src=\"https:\/\/jorgezanoni.com.br\/2019\/wp-content\/uploads\/2021\/06\/Cidinha-1-2.jpg\" alt=\"\" width=\"612\" height=\"1136\" srcset=\"https:\/\/jorgezanoni.com.br\/2019\/wp-content\/uploads\/2021\/06\/Cidinha-1-2.jpg 612w, https:\/\/jorgezanoni.com.br\/2019\/wp-content\/uploads\/2021\/06\/Cidinha-1-2-162x300.jpg 162w, https:\/\/jorgezanoni.com.br\/2019\/wp-content\/uploads\/2021\/06\/Cidinha-1-2-552x1024.jpg 552w, https:\/\/jorgezanoni.com.br\/2019\/wp-content\/uploads\/2021\/06\/Cidinha-1-2-226x420.jpg 226w\" sizes=\"auto, (max-width: 612px) 100vw, 612px\" \/><\/p>\n<p style=\"text-align: justify;\">Cidinha Pascoaloto-Psic\u00f3loga-CRP 06\/158174 Terapia Cognitivo Comportamental (TCC) com foco no Luto e na Dor Atendimento presencial e on-line, contato: (18) 99725-6418<\/p>\n<p>&nbsp;<\/p>\n<p>&nbsp;<\/p>\n","protected":false},"excerpt":{"rendered":"<p>Sintomas de depress\u00e3o na gravidez e como \u00e9 o tratamento A gravidez \u00e9 idealizada como um dos momentos mais felizes da vida de uma mulher, entretanto, para algumas mulheres \u00e9 um momento de confus\u00e3o, medo, estresse e at\u00e9 depress\u00e3o. A depress\u00e3o \u00e9 um transtorno do humor caracterizado por um sentimento persistente de tristeza e perda [&hellip;]<\/p>\n","protected":false},"author":1,"featured_media":48783,"comment_status":"closed","ping_status":"open","sticky":false,"template":"","format":"standard","meta":{"footnotes":""},"categories":[175],"tags":[],"class_list":["post-48782","post","type-post","status-publish","format-standard","has-post-thumbnail","hentry","category-artigos"],"_links":{"self":[{"href":"https:\/\/jorgezanoni.com.br\/2019\/wp-json\/wp\/v2\/posts\/48782","targetHints":{"allow":["GET"]}}],"collection":[{"href":"https:\/\/jorgezanoni.com.br\/2019\/wp-json\/wp\/v2\/posts"}],"about":[{"href":"https:\/\/jorgezanoni.com.br\/2019\/wp-json\/wp\/v2\/types\/post"}],"author":[{"embeddable":true,"href":"https:\/\/jorgezanoni.com.br\/2019\/wp-json\/wp\/v2\/users\/1"}],"replies":[{"embeddable":true,"href":"https:\/\/jorgezanoni.com.br\/2019\/wp-json\/wp\/v2\/comments?post=48782"}],"version-history":[{"count":0,"href":"https:\/\/jorgezanoni.com.br\/2019\/wp-json\/wp\/v2\/posts\/48782\/revisions"}],"wp:featuredmedia":[{"embeddable":true,"href":"https:\/\/jorgezanoni.com.br\/2019\/wp-json\/wp\/v2\/media\/48783"}],"wp:attachment":[{"href":"https:\/\/jorgezanoni.com.br\/2019\/wp-json\/wp\/v2\/media?parent=48782"}],"wp:term":[{"taxonomy":"category","embeddable":true,"href":"https:\/\/jorgezanoni.com.br\/2019\/wp-json\/wp\/v2\/categories?post=48782"},{"taxonomy":"post_tag","embeddable":true,"href":"https:\/\/jorgezanoni.com.br\/2019\/wp-json\/wp\/v2\/tags?post=48782"}],"curies":[{"name":"wp","href":"https:\/\/api.w.org\/{rel}","templated":true}]}}