{"id":48741,"date":"2021-06-03T01:02:38","date_gmt":"2021-06-03T01:02:38","guid":{"rendered":"https:\/\/jorgezanoni.com.br\/2019\/?p=48741"},"modified":"2021-06-03T01:02:38","modified_gmt":"2021-06-03T01:02:38","slug":"presidente-da-camara-municipal-de-dracena-e-transferido-para-a-uti","status":"publish","type":"post","link":"https:\/\/jorgezanoni.com.br\/2019\/presidente-da-camara-municipal-de-dracena-e-transferido-para-a-uti\/","title":{"rendered":"Presidente da C\u00e2mara Municipal de Dracena \u00e9 transferido para a UTI"},"content":{"rendered":"<div class=\"kvgmc6g5 cxmmr5t8 oygrvhab hcukyx3x c1et5uql ii04i59q\">\n<div dir=\"auto\" style=\"text-align: justify;\">No final da tarde desta quarta-feira (2), o vereador Claudinei Milan Pessoa (Mel\u00e3o), Presidente da C\u00e2mara Municipal de Dracena, foi transferido para a UTI da Santa Casa de Dracena.<\/div>\n<div dir=\"auto\" style=\"text-align: justify;\"><\/div>\n<div dir=\"auto\" style=\"text-align: justify;\">O estado de sa\u00fade do Vereador \u00e9 considerado est\u00e1vel, portanto por\u00e9m precisou ser transferido para Unidade de Terapia Intensiva, devido apresentar um forte quadro de\u00a0 tosse. As informa\u00e7\u00f5es s\u00e3o de que ele n\u00e3o precisou ser entubado, foi necess\u00e1rio apenas colocar cat\u00e9ter para aplicar de medica\u00e7\u00e3o.<\/div>\n<div dir=\"auto\" style=\"text-align: justify;\"><\/div>\n<div dir=\"auto\" style=\"text-align: justify;\">Mel\u00e3o segue orientado e consciente. Ele foi diagnosticado com a Covid no dia 24 do m\u00eas de maio e estava em isolamento Domiciliar, mas no \u00faltimo s\u00e1bado (29) precisou ser internado.<\/div>\n<div dir=\"auto\" style=\"text-align: justify;\"><\/div>\n<div dir=\"auto\" style=\"text-align: justify;\">A esposa e a filha do vereador tamb\u00e9m testaram positivo, estavam em Isolamento e recupera\u00e7\u00e3o domiciliar, e ontem (01) receberam alta m\u00e9dica.<\/div>\n<div dir=\"auto\" style=\"text-align: justify;\"><\/div>\n<\/div>\n<div dir=\"auto\" style=\"text-align: justify;\">Em sua Live no in\u00edcio da noite o Prefeito Andr\u00e9 Lemos comentou sobre a sa\u00fade do Presidente da C\u00e2mara.<\/div>\n<div dir=\"auto\" style=\"text-align: justify;\"><\/div>\n<div dir=\"auto\" style=\"text-align: justify;\">Jorge Zanoni<\/div>\n<div dir=\"auto\"><\/div>\n","protected":false},"excerpt":{"rendered":"<p>No final da tarde desta quarta-feira (2), o vereador Claudinei Milan Pessoa (Mel\u00e3o), Presidente da C\u00e2mara Municipal de Dracena, foi transferido para a UTI da Santa Casa de Dracena. O estado de sa\u00fade do Vereador \u00e9 considerado est\u00e1vel, portanto por\u00e9m precisou ser transferido para Unidade de Terapia Intensiva, devido apresentar um forte quadro de\u00a0 tosse. [&hellip;]<\/p>\n","protected":false},"author":1,"featured_media":48742,"comment_status":"closed","ping_status":"open","sticky":false,"template":"","format":"standard","meta":{"footnotes":""},"categories":[110,116],"tags":[],"class_list":["post-48741","post","type-post","status-publish","format-standard","has-post-thumbnail","hentry","category-noticiasdestaque","category-politicaeeconomia"],"_links":{"self":[{"href":"https:\/\/jorgezanoni.com.br\/2019\/wp-json\/wp\/v2\/posts\/48741","targetHints":{"allow":["GET"]}}],"collection":[{"href":"https:\/\/jorgezanoni.com.br\/2019\/wp-json\/wp\/v2\/posts"}],"about":[{"href":"https:\/\/jorgezanoni.com.br\/2019\/wp-json\/wp\/v2\/types\/post"}],"author":[{"embeddable":true,"href":"https:\/\/jorgezanoni.com.br\/2019\/wp-json\/wp\/v2\/users\/1"}],"replies":[{"embeddable":true,"href":"https:\/\/jorgezanoni.com.br\/2019\/wp-json\/wp\/v2\/comments?post=48741"}],"version-history":[{"count":0,"href":"https:\/\/jorgezanoni.com.br\/2019\/wp-json\/wp\/v2\/posts\/48741\/revisions"}],"wp:featuredmedia":[{"embeddable":true,"href":"https:\/\/jorgezanoni.com.br\/2019\/wp-json\/wp\/v2\/media\/48742"}],"wp:attachment":[{"href":"https:\/\/jorgezanoni.com.br\/2019\/wp-json\/wp\/v2\/media?parent=48741"}],"wp:term":[{"taxonomy":"category","embeddable":true,"href":"https:\/\/jorgezanoni.com.br\/2019\/wp-json\/wp\/v2\/categories?post=48741"},{"taxonomy":"post_tag","embeddable":true,"href":"https:\/\/jorgezanoni.com.br\/2019\/wp-json\/wp\/v2\/tags?post=48741"}],"curies":[{"name":"wp","href":"https:\/\/api.w.org\/{rel}","templated":true}]}}