{"id":48738,"date":"2021-06-03T00:41:43","date_gmt":"2021-06-03T00:41:43","guid":{"rendered":"https:\/\/jorgezanoni.com.br\/2019\/?p=48738"},"modified":"2021-06-03T00:41:43","modified_gmt":"2021-06-03T00:41:43","slug":"sap-participa-de-forca-tarefa-da-operacao-ninjas-em-tremembe-sp","status":"publish","type":"post","link":"https:\/\/jorgezanoni.com.br\/2019\/sap-participa-de-forca-tarefa-da-operacao-ninjas-em-tremembe-sp\/","title":{"rendered":"SAP participa de for\u00e7a-tarefa da opera\u00e7\u00e3o \u2018Ninjas\u2019 em Trememb\u00e9-SP"},"content":{"rendered":"<p style=\"text-align: justify;\"><strong>Servi\u00e7o de Intelig\u00eancia da SAP na regi\u00e3o do Vale do Para\u00edba colaborou nas investiga\u00e7\u00f5es.<\/strong><\/p>\n<p id=\"not_1\" style=\"text-align: justify;\">A Secretaria da Administra\u00e7\u00e3o Penitenci\u00e1ria (SAP), por meio da Coordenadoria de Unidades Prisionais da Regi\u00e3o do Vale do Para\u00edba e Litoral (Corevali), participou de uma for\u00e7a-tarefa deflagrada ontem, 26, em Trememb\u00e9-SP.<\/p>\n<p id=\"not_1\" style=\"text-align: justify;\">A opera\u00e7\u00e3o \u201cNinjas\u201d envolveu uma a\u00e7\u00e3o conjunta da Delegacia Especializada de Investiga\u00e7\u00f5es Criminais de Taubat\u00e9 (DEIC), o Grupo de Atua\u00e7\u00e3o Especial de Combate ao Crime Organizado (GAECO) e o 3\u00ba Batalh\u00e3o de A\u00e7\u00f5es Especiais da Pol\u00edcia Militar (BAEP).<\/p>\n<p id=\"not_1\" style=\"text-align: justify;\">O objetivo da opera\u00e7\u00e3o foi desarticular uma organiza\u00e7\u00e3o criminosa que arremessava materiais il\u00edcitos para dentro do Centro de Progress\u00e3o Penitenci\u00e1ria \u201cDr. Edgard Magalh\u00e3es Noronha\u201d, unidade de regime semiaberto. As investiga\u00e7\u00f5es deram in\u00edcio ainda em fevereiro deste ano, logo ap\u00f3s a pris\u00e3o de um agente penitenci\u00e1rio flagrado tentando facilitar a entrada de droga na unidade prisional.<\/p>\n<p id=\"not_1\" style=\"text-align: justify;\">Ao todo, foram cumpridos 15 mandados de pris\u00e3o tempor\u00e1ria e 10 mandados de busca e apreens\u00e3o. Participaram da a\u00e7\u00e3o 100 integrantes do Grupo de Interven\u00e7\u00e3o R\u00e1pida (GIR), grupo de elite da SAP. O servi\u00e7o do N\u00facleo Regional de Intelig\u00eancia e Seguran\u00e7a Penitenci\u00e1ria da Corevali atuou durante os tr\u00eas meses da opera\u00e7\u00e3o \u201cNinjas\u201d, com o levantamento de dados e cruzamento de informa\u00e7\u00f5es necess\u00e1rias para o desfecho da a\u00e7\u00e3o.<\/p>\n<p id=\"not_1\" style=\"text-align: justify;\">Para o coordenador da Corevali, Nestor Pereira Colete Junior, o \u00eaxito da opera\u00e7\u00e3o se deve ao empenho de todas as institui\u00e7\u00f5es envolvidas, mas ele deu \u00eanfase ao empenho dos servidores da SAP. \u201cO sucesso dessa opera\u00e7\u00e3o \u00e9 a coroa\u00e7\u00e3o do trabalho de homens e mulheres comprometidos com a causa do sistema penitenci\u00e1rio\u201d, disse.<\/p>\n<p class=\"titbold\" style=\"text-align: justify;\">Mais seguran\u00e7a<\/p>\n<p id=\"not_1\" style=\"text-align: justify;\">Como medidas para refor\u00e7ar a seguran\u00e7a da unidade, o GIR passou a realizar rondas peri\u00f3dicas nas imedia\u00e7\u00f5es do CPP. Tamb\u00e9m foi intensificada a parceria com a Pol\u00edcia Civil, que tem realizado opera\u00e7\u00f5es com o intuito de coibir a entrada de il\u00edcitos no interior da unidade. A unidade conta com cerca el\u00e9trica, sensores de presen\u00e7a, concertina, alarme e canil de guarda.<\/p>\n<p id=\"not_1\" style=\"text-align: justify;\">As unidades de regime semiaberto n\u00e3o disp\u00f5em de vigil\u00e2ncia armada, pois os presos j\u00e1 saem do local para trabalhar. Elas s\u00e3o cercadas apenas por alambrados. A perman\u00eancia do preso no regime semiaberto se caracteriza pelo senso de autodisciplina e autorresponsabilidade, do que propriamente por mecanismos de conten\u00e7\u00e3o contra evas\u00e3o.<\/p>\n<p style=\"text-align: justify;\">Fonte: http:\/\/www.sap.sp.gov.br\/noticias\/not1936.html<\/p>\n","protected":false},"excerpt":{"rendered":"<p>Servi\u00e7o de Intelig\u00eancia da SAP na regi\u00e3o do Vale do Para\u00edba colaborou nas investiga\u00e7\u00f5es. A Secretaria da Administra\u00e7\u00e3o Penitenci\u00e1ria (SAP), por meio da Coordenadoria de Unidades Prisionais da Regi\u00e3o do Vale do Para\u00edba e Litoral (Corevali), participou de uma for\u00e7a-tarefa deflagrada ontem, 26, em Trememb\u00e9-SP. A opera\u00e7\u00e3o \u201cNinjas\u201d envolveu uma a\u00e7\u00e3o conjunta da Delegacia Especializada [&hellip;]<\/p>\n","protected":false},"author":1,"featured_media":48739,"comment_status":"closed","ping_status":"open","sticky":false,"template":"","format":"standard","meta":{"footnotes":""},"categories":[114,110],"tags":[],"class_list":["post-48738","post","type-post","status-publish","format-standard","has-post-thumbnail","hentry","category-geralecomercio","category-noticiasdestaque"],"_links":{"self":[{"href":"https:\/\/jorgezanoni.com.br\/2019\/wp-json\/wp\/v2\/posts\/48738","targetHints":{"allow":["GET"]}}],"collection":[{"href":"https:\/\/jorgezanoni.com.br\/2019\/wp-json\/wp\/v2\/posts"}],"about":[{"href":"https:\/\/jorgezanoni.com.br\/2019\/wp-json\/wp\/v2\/types\/post"}],"author":[{"embeddable":true,"href":"https:\/\/jorgezanoni.com.br\/2019\/wp-json\/wp\/v2\/users\/1"}],"replies":[{"embeddable":true,"href":"https:\/\/jorgezanoni.com.br\/2019\/wp-json\/wp\/v2\/comments?post=48738"}],"version-history":[{"count":0,"href":"https:\/\/jorgezanoni.com.br\/2019\/wp-json\/wp\/v2\/posts\/48738\/revisions"}],"wp:featuredmedia":[{"embeddable":true,"href":"https:\/\/jorgezanoni.com.br\/2019\/wp-json\/wp\/v2\/media\/48739"}],"wp:attachment":[{"href":"https:\/\/jorgezanoni.com.br\/2019\/wp-json\/wp\/v2\/media?parent=48738"}],"wp:term":[{"taxonomy":"category","embeddable":true,"href":"https:\/\/jorgezanoni.com.br\/2019\/wp-json\/wp\/v2\/categories?post=48738"},{"taxonomy":"post_tag","embeddable":true,"href":"https:\/\/jorgezanoni.com.br\/2019\/wp-json\/wp\/v2\/tags?post=48738"}],"curies":[{"name":"wp","href":"https:\/\/api.w.org\/{rel}","templated":true}]}}