{"id":48722,"date":"2021-06-02T22:55:09","date_gmt":"2021-06-02T22:55:09","guid":{"rendered":"https:\/\/jorgezanoni.com.br\/2019\/?p=48722"},"modified":"2021-06-02T22:55:09","modified_gmt":"2021-06-02T22:55:09","slug":"unati-retoma-atividades-e-estara-com-inscricoes-abertas-de-14-06-a-23-07","status":"publish","type":"post","link":"https:\/\/jorgezanoni.com.br\/2019\/unati-retoma-atividades-e-estara-com-inscricoes-abertas-de-14-06-a-23-07\/","title":{"rendered":"UNATI retoma atividades e estar\u00e1 com inscri\u00e7\u00f5es abertas de 14\/06 a 23\/07"},"content":{"rendered":"<p style=\"text-align: justify;\"><span style=\"font-size: large;\">O programa UNATI &#8211; Universidade Aberta \u00e0 Terceira Idade, al\u00e9m de aprofundar conhecimentos por meio de atividades como oficinas, palestras, entre outros, tamb\u00e9m ser\u00e1 uma forma de evitar o sentimento de solid\u00e3o nestes tempos de pandemia. Se voc\u00ea j\u00e1 completou 60 anos, venha participar da UNATI &#8211; agora com atividades em formato digital!<\/span><\/p>\n<p><span style=\"font-size: large;\">O Campus de Dracena da Unesp, em parceria com a Fundec &#8211; Funda\u00e7\u00e3o Dracenense de Educa\u00e7\u00e3o e Cultura e a Prefeitura Municipal de Dracena, est\u00e1 com vagas abertas para a 13\u00aa turma da Universidade Aberta \u00e0 Terceira Idade (UNATI).<\/span><\/p>\n<p><span style=\"font-size: large;\">O programa \u00e9 destinado a pessoas com mais de 60 anos, independentemente do grau de escolaridade, e promove atividades f\u00edsicas, intelectuais e recreativas voltadas aos idosos, com o objetivo de proporcionar o bem-estar f\u00edsico, social e emocional dos participantes.<\/span><\/p>\n<p><span style=\"font-size: large;\">Segundo Daniela Mac\u00e1rio, coordenadora da UNATI pela Unifadra, por 12 anos o programa atendeu de forma cont\u00ednua diversas pessoas da regi\u00e3o, mas, em 2020, teve suas atividades presenciais interrompidas por conta da pandemia.<\/span><\/p>\n<p><span style=\"font-size: large;\">&#8220;Agora, retornamos com este formato digital e esperamos atender muitos outros interessados. Esta ser\u00e1 uma oportunidade de atualiza\u00e7\u00e3o, aquisi\u00e7\u00e3o e troca de conhecimentos no \u00e2mbito ps\u00edquico, cultural, cient\u00edfico-tecnol\u00f3gico, f\u00edsico e social&#8221;, afirma a coordenadora, que atuar\u00e1 juntamente com o\u00a0<\/span>Prof. Dr.<span style=\"font-size: large;\">\u00a0Gustavo do Valle Polycarpo, coordenador da UNATI pela Unesp de Dracena.<\/span><\/p>\n<p><span style=\"font-size: large;\"><b>UNATI &#8211; turma 2021<\/b><\/span><br \/>\n<span style=\"font-size: large;\">Inscri\u00e7\u00e3o (gratuita): do dia 14\/06 at\u00e9 23\/07\/2021<\/span><br \/>\n<span style=\"font-size: large;\">In\u00edcio das atividades: dia 02\/08 (digitais e n\u00e3o presenciais)<\/span><br \/>\n<span style=\"font-size: large;\">Informa\u00e7\u00f5es: (18) 3821-9015 (Fundec) e (18) 3821-8202 (Unesp &#8211; Dracena)<\/span><\/p>\n<p><span style=\"font-size: large;\"><b>Documentos necess\u00e1rios para inscri\u00e7\u00e3o:<\/b><\/span><br \/>\n<span style=\"font-size: large;\">&#8211; 1 foto 3&#215;4<\/span><br \/>\n<span style=\"font-size: large;\">&#8211; comprovante de endere\u00e7o<\/span><br \/>\n<span style=\"font-size: large;\">&#8211; certid\u00e3o de nascimento ou casamento<\/span><br \/>\n<span style=\"font-size: large;\">&#8211; c\u00f3pia do RG e CPF<\/span><br \/>\n<span style=\"font-size: large;\">&#8211; 2 n\u00fameros de telefone para contato<\/span><\/p>\n<p><span style=\"font-size: large;\">As inscri\u00e7\u00f5es podem ser feitas no Centro de Informa\u00e7\u00f5es da Fundec (localizado na Rua Bahia, 266, em Dracena, SP) ou os documentos podem ser enviados para o Whatsapp da Secretaria Geral da Fundec: (18) 99634-0383.<\/span><\/p>\n<p><span style=\"font-size: large;\"><b>Realiza\u00e7\u00e3o:<\/b><\/span><br \/>\n<span style=\"font-size: large;\">Fundec &#8211; Funda\u00e7\u00e3o Dracenense de Educa\u00e7\u00e3o e Cultura<\/span><br \/>\n<span style=\"font-size: large;\">Unesp &#8211; Universidade Estadual Paulista &#8211; Campus de Dracena<\/span><br \/>\n<span style=\"font-size: large;\">Prefeitura Municipal de Dracena<\/span><\/p>\n<p>Kenia Gomes<br \/>\nAssistente de Comunica\u00e7\u00e3o &#8211; Fundec<br \/>\nFunda\u00e7\u00e3o Dracenense de Educa\u00e7\u00e3o e Cultura<\/p>\n","protected":false},"excerpt":{"rendered":"<p>O programa UNATI &#8211; Universidade Aberta \u00e0 Terceira Idade, al\u00e9m de aprofundar conhecimentos por meio de atividades como oficinas, palestras, entre outros, tamb\u00e9m ser\u00e1 uma forma de evitar o sentimento de solid\u00e3o nestes tempos de pandemia. Se voc\u00ea j\u00e1 completou 60 anos, venha participar da UNATI &#8211; agora com atividades em formato digital! O Campus [&hellip;]<\/p>\n","protected":false},"author":1,"featured_media":48723,"comment_status":"closed","ping_status":"open","sticky":false,"template":"","format":"standard","meta":{"footnotes":""},"categories":[110,122],"tags":[],"class_list":["post-48722","post","type-post","status-publish","format-standard","has-post-thumbnail","hentry","category-noticiasdestaque","category-saudeeducacaoeconcurso"],"_links":{"self":[{"href":"https:\/\/jorgezanoni.com.br\/2019\/wp-json\/wp\/v2\/posts\/48722","targetHints":{"allow":["GET"]}}],"collection":[{"href":"https:\/\/jorgezanoni.com.br\/2019\/wp-json\/wp\/v2\/posts"}],"about":[{"href":"https:\/\/jorgezanoni.com.br\/2019\/wp-json\/wp\/v2\/types\/post"}],"author":[{"embeddable":true,"href":"https:\/\/jorgezanoni.com.br\/2019\/wp-json\/wp\/v2\/users\/1"}],"replies":[{"embeddable":true,"href":"https:\/\/jorgezanoni.com.br\/2019\/wp-json\/wp\/v2\/comments?post=48722"}],"version-history":[{"count":0,"href":"https:\/\/jorgezanoni.com.br\/2019\/wp-json\/wp\/v2\/posts\/48722\/revisions"}],"wp:featuredmedia":[{"embeddable":true,"href":"https:\/\/jorgezanoni.com.br\/2019\/wp-json\/wp\/v2\/media\/48723"}],"wp:attachment":[{"href":"https:\/\/jorgezanoni.com.br\/2019\/wp-json\/wp\/v2\/media?parent=48722"}],"wp:term":[{"taxonomy":"category","embeddable":true,"href":"https:\/\/jorgezanoni.com.br\/2019\/wp-json\/wp\/v2\/categories?post=48722"},{"taxonomy":"post_tag","embeddable":true,"href":"https:\/\/jorgezanoni.com.br\/2019\/wp-json\/wp\/v2\/tags?post=48722"}],"curies":[{"name":"wp","href":"https:\/\/api.w.org\/{rel}","templated":true}]}}