{"id":48716,"date":"2021-06-02T22:22:28","date_gmt":"2021-06-02T22:22:28","guid":{"rendered":"https:\/\/jorgezanoni.com.br\/2019\/?p=48716"},"modified":"2021-06-02T22:22:28","modified_gmt":"2021-06-02T22:22:28","slug":"colegio-anglo-cid-conquistou-dois-premios-leao-de-ouro-em-2021","status":"publish","type":"post","link":"https:\/\/jorgezanoni.com.br\/2019\/colegio-anglo-cid-conquistou-dois-premios-leao-de-ouro-em-2021\/","title":{"rendered":"Col\u00e9gio Anglo-CID conquistou dois pr\u00eamios &#8220;Le\u00e3o de Ouro&#8221; em 2021"},"content":{"rendered":"<p style=\"text-align: justify;\"><i><span style=\"font-size: large;\">A premia\u00e7\u00e3o destaca as principais escolas do Sistema Anglo de Ensino do pa\u00eds em diferentes categorias<\/span><br \/>\n<\/i><br \/>\n<span style=\"font-size: large;\">A expectativa da equipe gestora do Col\u00e9gio Anglo-CID foi confirmada no dia 28 de maio, \u00faltimo dia da Conven\u00e7\u00e3o do Sistema Anglo de Ensino 2021, quando o col\u00e9gio dracenense conquistou seu segundo Le\u00e3o de Ouro em uma mesma edi\u00e7\u00e3o da premia\u00e7\u00e3o.<\/span><\/p>\n<p><span style=\"font-size: large;\">O Anglo-CID j\u00e1 havia recebido, no dia 21, um Le\u00e3o de Ouro na categoria Men\u00e7\u00e3o Honrosa &#8211; que celebrou os 40 anos em que o col\u00e9gio adota o Sistema Anglo de Ensino. Na ocasi\u00e3o, o Le\u00e3o foi recebido com muita alegria, marcando a tradi\u00e7\u00e3o do ensino de qualidade oferecido pelo col\u00e9gio, e a diretora da institui\u00e7\u00e3o, Eul\u00e1lia Pires Fava, revelou sua &#8220;expectativa de ainda sermos premiados nas categorias especiais&#8221;.<\/span><\/p>\n<p><span style=\"font-size: large;\">Na noite de encerramento da conven\u00e7\u00e3o foi feito o an\u00fancio: Ang\u00e9lica dos Santos Cezarino, professora do apoio pedag\u00f3gico no Col\u00e9gio Anglo-CID, recebeu o Le\u00e3o de Ouro na categoria PROFS &#8211; um pr\u00eamio que destaca a busca pelo conhecimento a fim de aprimorar a forma\u00e7\u00e3o do educador e a pr\u00e1tica docente. Apenas duas pessoas, em mais de 800 escolas do Sistema Anglo, foram premiadas nesta categoria.<\/span><\/p>\n<p><span style=\"font-size: large;\">O Programa de Forma\u00e7\u00e3o de Professores (PROFS) \u00e9 uma plataforma de cursos on-line em quatro dimens\u00f5es de conhecimento: novas metodologias, pr\u00e1ticas pedag\u00f3gicas, compet\u00eancias tecnol\u00f3gicas e autodesenvolvimento &#8211; que oferece, al\u00e9m da forma\u00e7\u00e3o continuada, um espa\u00e7o para troca de experi\u00eancias e de di\u00e1logo entre os professores.<\/span><\/p>\n<p><span style=\"font-size: large;\">Formada em Computa\u00e7\u00e3o, Letras e Pedagogia, Ang\u00e9lica abriu tempo em sua agenda para investir em conhecimento e fez todos os cursos oferecidos pela plataforma. &#8220;Exceto um, que fugia muito da minha \u00e1rea de atua\u00e7\u00e3o&#8221;, revela a jovem professora &#8211; que \u00e9 tamb\u00e9m uma impressionante desenhista de retratos \u00e0 l\u00e1pis e curte rock&#8217;n&#8217;roll.<\/span><\/p>\n<p><span style=\"font-size: large;\">&#8220;Acredito que a forma\u00e7\u00e3o continuada \u00e9 importante para refletirmos sobre nossa pr\u00e1tica educacional e pedag\u00f3gica. Estou muito feliz, porque n\u00e3o esperava esse reconhecimento. Ele ficou marcado como um presente de anivers\u00e1rio, fiz 28 anos no dia 27 de maio&#8221;, completa Ang\u00e9lica.<\/span><\/p>\n<p><span style=\"font-size: large;\">A diretora do Anglo-CID, Eul\u00e1lia Pires Fava, destacou o crescimento profissional de Ang\u00e9lica Cezarino. &#8220;Ela come\u00e7ou trabalhando em nossa secretaria (2017), depois foi para o apoio pedag\u00f3gico no projeto Aprendendo Mais e passou em um concurso municipal (ambos 2019). Agora, atua no munic\u00edpio, no ciclo Anos Iniciais&#8221;, completou a diretora.<\/span><\/p>\n<p><span style=\"font-size: large;\">&#8220;Esperamos que a Ang\u00e9lica inspire outros professores em nosso col\u00e9gio e fora dele a se capacitarem sempre. Acreditamos que ela continuar\u00e1 a desempenhar um importante papel na forma\u00e7\u00e3o dos alunos, agora na rede municipal, e temos muita gratid\u00e3o por ela e pelo trabalho desenvolvido nesta unidade. Que continue avan\u00e7ando em seus estudos e em sua nova jornada de educadora&#8221;, finalizou a diretora Eul\u00e1lia Fava.<\/span><\/p>\n<p><span style=\"font-size: large;\"><b>Os quatro Le\u00f5es de Ouro<\/b><\/span><\/p>\n<p><span style=\"font-size: large;\">O Col\u00e9gio Anglo-CID de Dracena j\u00e1 conquistou quatro pr\u00eamios Le\u00e3o de Ouro, que destaca as principais escolas do Sistema Anglo de Ensino do pa\u00eds em diferentes categorias.<\/span><\/p>\n<p><span style=\"font-size: large;\">Em 2018, pelo Melhor Engajamento das Avalia\u00e7\u00f5es Externas (efetividade das avalia\u00e7\u00f5es e a excel\u00eancia no retorno destas para com os alunos).<\/span><\/p>\n<p><span style=\"font-size: large;\">Em 2019, na categoria Rumo ao Futuro (como uma das tr\u00eas escolas do sistema com o maior n\u00famero de aprova\u00e7\u00f5es de alunos matriculados em universidades federais e estaduais pelo Sisu).<\/span><\/p>\n<p><span style=\"font-size: large;\">Em 2021, recebeu duas premia\u00e7\u00f5es: Men\u00e7\u00e3o Honrosa (que celebrou os 40 anos em que o col\u00e9gio adota o Sistema Anglo de Ensino) e na categoria PROFS, com a professora Ang\u00e9lica dos Santos Cezarino (um pr\u00eamio que destaca a busca pelo conhecimento a fim de aprimorar a forma\u00e7\u00e3o do educador e a pr\u00e1tica docente).<\/span><\/p>\n<p><span style=\"font-size: large;\">&#8220;Ano a ano o Col\u00e9gio Anglo-CID vem conquistando novos espa\u00e7os e reconhecimentos dentro do Sistema Anglo, tornando cada vez mais vis\u00edvel todo o trabalho desenvolvido pela equipe de docentes, gestores, discentes e colaboradores. N\u00e3o podemos deixar de mencionar a grande e importante parceria dos pais e respons\u00e1veis dos nossos alunos para este sucesso. Parab\u00e9ns a todos os envolvidos neste lindo processo de aprendizagem&#8221;, ressalta a diretora do col\u00e9gio, Eul\u00e1lia Pires Fava.<\/span><\/p>\n<p><span style=\"font-size: large;\">(<u>ANEXO<\/u>: A jovem professora Ang\u00e9lica dos Santos Cezarino recebeu o Le\u00e3o de Ouro na categoria PROFS)<\/span><\/p>\n<p>Kenia Gomes<br \/>\nAssistente de Comunica\u00e7\u00e3o &#8211; Fundec<br \/>\nFunda\u00e7\u00e3o Dracenense de Educa\u00e7\u00e3o e Cultura<\/p>\n","protected":false},"excerpt":{"rendered":"<p>A premia\u00e7\u00e3o destaca as principais escolas do Sistema Anglo de Ensino do pa\u00eds em diferentes categorias A expectativa da equipe gestora do Col\u00e9gio Anglo-CID foi confirmada no dia 28 de maio, \u00faltimo dia da Conven\u00e7\u00e3o do Sistema Anglo de Ensino 2021, quando o col\u00e9gio dracenense conquistou seu segundo Le\u00e3o de Ouro em uma mesma edi\u00e7\u00e3o [&hellip;]<\/p>\n","protected":false},"author":1,"featured_media":48717,"comment_status":"closed","ping_status":"open","sticky":false,"template":"","format":"standard","meta":{"footnotes":""},"categories":[122],"tags":[],"class_list":["post-48716","post","type-post","status-publish","format-standard","has-post-thumbnail","hentry","category-saudeeducacaoeconcurso"],"_links":{"self":[{"href":"https:\/\/jorgezanoni.com.br\/2019\/wp-json\/wp\/v2\/posts\/48716","targetHints":{"allow":["GET"]}}],"collection":[{"href":"https:\/\/jorgezanoni.com.br\/2019\/wp-json\/wp\/v2\/posts"}],"about":[{"href":"https:\/\/jorgezanoni.com.br\/2019\/wp-json\/wp\/v2\/types\/post"}],"author":[{"embeddable":true,"href":"https:\/\/jorgezanoni.com.br\/2019\/wp-json\/wp\/v2\/users\/1"}],"replies":[{"embeddable":true,"href":"https:\/\/jorgezanoni.com.br\/2019\/wp-json\/wp\/v2\/comments?post=48716"}],"version-history":[{"count":0,"href":"https:\/\/jorgezanoni.com.br\/2019\/wp-json\/wp\/v2\/posts\/48716\/revisions"}],"wp:featuredmedia":[{"embeddable":true,"href":"https:\/\/jorgezanoni.com.br\/2019\/wp-json\/wp\/v2\/media\/48717"}],"wp:attachment":[{"href":"https:\/\/jorgezanoni.com.br\/2019\/wp-json\/wp\/v2\/media?parent=48716"}],"wp:term":[{"taxonomy":"category","embeddable":true,"href":"https:\/\/jorgezanoni.com.br\/2019\/wp-json\/wp\/v2\/categories?post=48716"},{"taxonomy":"post_tag","embeddable":true,"href":"https:\/\/jorgezanoni.com.br\/2019\/wp-json\/wp\/v2\/tags?post=48716"}],"curies":[{"name":"wp","href":"https:\/\/api.w.org\/{rel}","templated":true}]}}