{"id":48708,"date":"2021-06-02T11:40:32","date_gmt":"2021-06-02T11:40:32","guid":{"rendered":"https:\/\/jorgezanoni.com.br\/2019\/?p=48708"},"modified":"2021-06-02T11:41:00","modified_gmt":"2021-06-02T11:41:00","slug":"adamantina-perde-uma-de-suas-vozes-do-radio-o-locutor-william-tofoli","status":"publish","type":"post","link":"https:\/\/jorgezanoni.com.br\/2019\/adamantina-perde-uma-de-suas-vozes-do-radio-o-locutor-william-tofoli\/","title":{"rendered":"Adamantina perde uma de suas vozes do r\u00e1dio, o locutor William Tofoli"},"content":{"rendered":"<p style=\"text-align: justify;\">Faleceu no in\u00edcio da madrugada desta quarta-feira (2), o locutor adamantinense e diretor de programa\u00e7\u00e3o da R\u00e1dio Life FM William Tofoli.<\/p>\n<p style=\"text-align: justify;\">Ele travou uma luta contra o v\u00edrus da Covid-19 e estava internado desde o dia 20 de abril na Santa Casa de Presidente Prudente onde foi intubado e chegou a apresentar avan\u00e7os em seu quadro cl\u00ednico.<\/p>\n<p style=\"text-align: justify;\"><img loading=\"lazy\" decoding=\"async\" class=\"aligncenter jetpack-lazy-image jetpack-lazy-image--handled\" src=\"https:\/\/scontent.fmii3-1.fna.fbcdn.net\/v\/t1.6435-9\/29101500_1015191888628481_8543105176297275392_n.jpg?_nc_cat=102&amp;ccb=1-3&amp;_nc_sid=8bfeb9&amp;_nc_ohc=J1QB0KWiCgUAX-TngG7&amp;_nc_ht=scontent.fmii3-1.fna&amp;oh=5a9ba73ad7c2f3eb6e51b481abf89ed0&amp;oe=60DD0628\" alt=\"Pode ser uma imagem de 2 pessoas\" width=\"732\" height=\"550\" data-lazy-loaded=\"1\" \/><\/p>\n<p style=\"text-align: justify;\">A expectativa da melhora e recupera\u00e7\u00e3o era diariamente vivida pelos amigos de profiss\u00e3o, ouvintes, familiares e pessoas de diversas cidades da regi\u00e3o, por\u00e9m, infelizmente, William n\u00e3o resistiu e acabou falecendo.<\/p>\n<p style=\"text-align: justify;\">Ele era casado com Paloma Borzan Tofoli e filho da professora Therezinha Elisabeth Tofoli.<\/p>\n<p style=\"text-align: justify;\"><img loading=\"lazy\" decoding=\"async\" class=\"aligncenter jetpack-lazy-image jetpack-lazy-image--handled\" src=\"https:\/\/scontent.fmii3-1.fna.fbcdn.net\/v\/t31.18172-8\/28516699_1594935323877297_4607147898911308115_o.jpg?_nc_cat=104&amp;ccb=1-3&amp;_nc_sid=cdbe9c&amp;_nc_ohc=cXRXZKITZBMAX-ZDwp_&amp;_nc_ht=scontent.fmii3-1.fna&amp;oh=07b7ae2c58034d163142892e9cb90142&amp;oe=60DE3EFD\" alt=\"Pode ser uma imagem de 2 pessoas e pessoas sorrindo\" width=\"767\" height=\"575\" data-lazy-loaded=\"1\" \/><\/p>\n<p style=\"text-align: justify;\">Um dos locutores mais populares do r\u00e1dio adamantinense, William Tofoli al\u00e9m de ser o diretor de programa\u00e7\u00e3o da R\u00e1dio Life FM, tamb\u00e9m apresentava o programa \u201cJornal do Meio Dia\u201d na emissora e atualmente estava atuando na 99 FM de Presidente Prudente.<\/p>\n<p style=\"text-align: justify;\"><img decoding=\"async\" class=\"aligncenter jetpack-lazy-image jetpack-lazy-image--handled\" src=\"https:\/\/scontent.fmii3-1.fna.fbcdn.net\/v\/t1.18169-9\/10481441_597571733687693_1068363262977060050_n.jpg?_nc_cat=111&amp;ccb=1-3&amp;_nc_sid=174925&amp;_nc_ohc=3VoRaKlLKf0AX8eSyXA&amp;_nc_ht=scontent.fmii3-1.fna&amp;oh=54206ca7f174fdae4afa71afdae29ea2&amp;oe=60DB7BA0\" alt=\"Pode ser uma imagem de 1 pessoa e sorrindo\" data-lazy-loaded=\"1\" \/><\/p>\n<p style=\"text-align: justify;\">Na sua trajet\u00f3ria pelo r\u00e1dio, tamb\u00e9m esteve atr\u00e1s dos microfones das emissoras do Grupo Joia, Cultura FM e na renomada 98 FM de Presidente Prudente, al\u00e9m de produzir materiais de \u00e1udio para diversas empresas popularizando assim sua inconfund\u00edvel voz.<\/p>\n<p style=\"text-align: justify;\"><img decoding=\"async\" class=\"aligncenter jetpack-lazy-image jetpack-lazy-image--handled\" src=\"https:\/\/scontent.fmii3-1.fna.fbcdn.net\/v\/t1.6435-9\/196071968_4048576161926804_2844835450673777050_n.jpg?_nc_cat=102&amp;ccb=1-3&amp;_nc_sid=730e14&amp;_nc_ohc=wdrCGBvVOc4AX86oawS&amp;_nc_ht=scontent.fmii3-1.fna&amp;oh=073a07c7eaf6f56d4c83066bd91c13e0&amp;oe=60DDEFB9\" alt=\"Pode ser uma imagem de 4 pessoas e pessoas em p\u00e9\" data-lazy-loaded=\"1\" \/><\/p>\n<p style=\"text-align: justify;\">Os detalhes do vel\u00f3rio e sepultamento est\u00e3o sendo definidos pela fam\u00edlia e ser\u00e3o divulgados nas pr\u00f3ximas horas.<\/p>\n<p style=\"text-align: justify;\">Fonte: https:\/\/adamantinanet.com.br\/<\/p>\n<p>Tivemos o prazer de participar juntos com amigos no dia do Jornalista (7 de abril), de uma Live comandada pelo Tofoli.<\/p>\n<p>Aos familiares em luto, os votos de pesar e conforto do Site JZ de Dracena.<\/p>\n<p>&nbsp;<\/p>\n","protected":false},"excerpt":{"rendered":"<p>Faleceu no in\u00edcio da madrugada desta quarta-feira (2), o locutor adamantinense e diretor de programa\u00e7\u00e3o da R\u00e1dio Life FM William Tofoli. Ele travou uma luta contra o v\u00edrus da Covid-19 e estava internado desde o dia 20 de abril na Santa Casa de Presidente Prudente onde foi intubado e chegou a apresentar avan\u00e7os em seu [&hellip;]<\/p>\n","protected":false},"author":1,"featured_media":48709,"comment_status":"closed","ping_status":"open","sticky":false,"template":"","format":"standard","meta":{"footnotes":""},"categories":[178,110],"tags":[],"class_list":["post-48708","post","type-post","status-publish","format-standard","has-post-thumbnail","hentry","category-notadefalecimento","category-noticiasdestaque"],"_links":{"self":[{"href":"https:\/\/jorgezanoni.com.br\/2019\/wp-json\/wp\/v2\/posts\/48708","targetHints":{"allow":["GET"]}}],"collection":[{"href":"https:\/\/jorgezanoni.com.br\/2019\/wp-json\/wp\/v2\/posts"}],"about":[{"href":"https:\/\/jorgezanoni.com.br\/2019\/wp-json\/wp\/v2\/types\/post"}],"author":[{"embeddable":true,"href":"https:\/\/jorgezanoni.com.br\/2019\/wp-json\/wp\/v2\/users\/1"}],"replies":[{"embeddable":true,"href":"https:\/\/jorgezanoni.com.br\/2019\/wp-json\/wp\/v2\/comments?post=48708"}],"version-history":[{"count":0,"href":"https:\/\/jorgezanoni.com.br\/2019\/wp-json\/wp\/v2\/posts\/48708\/revisions"}],"wp:featuredmedia":[{"embeddable":true,"href":"https:\/\/jorgezanoni.com.br\/2019\/wp-json\/wp\/v2\/media\/48709"}],"wp:attachment":[{"href":"https:\/\/jorgezanoni.com.br\/2019\/wp-json\/wp\/v2\/media?parent=48708"}],"wp:term":[{"taxonomy":"category","embeddable":true,"href":"https:\/\/jorgezanoni.com.br\/2019\/wp-json\/wp\/v2\/categories?post=48708"},{"taxonomy":"post_tag","embeddable":true,"href":"https:\/\/jorgezanoni.com.br\/2019\/wp-json\/wp\/v2\/tags?post=48708"}],"curies":[{"name":"wp","href":"https:\/\/api.w.org\/{rel}","templated":true}]}}