{"id":4870,"date":"2019-08-30T00:37:04","date_gmt":"2019-08-30T00:37:04","guid":{"rendered":"https:\/\/jorgezanoni.com.br\/2019\/?p=4870"},"modified":"2019-08-30T00:49:13","modified_gmt":"2019-08-30T00:49:13","slug":"dracena-passa-a-contar-com-a-associacao-dos-servidores-da-unesp-de-dracena-asud","status":"publish","type":"post","link":"https:\/\/jorgezanoni.com.br\/2019\/dracena-passa-a-contar-com-a-associacao-dos-servidores-da-unesp-de-dracena-asud\/","title":{"rendered":"Cidade passa a contar com a Associa\u00e7\u00e3o dos Servidores da Unesp de Dracena (ASUD)"},"content":{"rendered":"<p style=\"text-align: justify;\"><strong>Apresenta\u00e7\u00e3o da Associa\u00e7\u00e3o dos Servidores da Unesp de Dracena \u2013 ASUD<\/strong><\/p>\n<p style=\"text-align: justify;\"><strong>Coletiva de imprensa marca o in\u00edcio oficial das atividades da ASUD<\/strong><\/p>\n<p style=\"text-align: justify;\">Na manh\u00e3 de 27 de agosto de 2019, foi realizada a apresenta\u00e7\u00e3o oficial da Associa\u00e7\u00e3o dos Servidores da Unesp de Dracena \u2013 ASUD no Anfiteatro da Biblioteca da FCAT.<\/p>\n<p><img loading=\"lazy\" decoding=\"async\" class=\"alignnone size-full wp-image-4871\" src=\"https:\/\/jorgezanoni.com.br\/2019\/wp-content\/uploads\/2019\/08\/Asud.jpg\" alt=\"\" width=\"900\" height=\"600\" srcset=\"https:\/\/jorgezanoni.com.br\/2019\/wp-content\/uploads\/2019\/08\/Asud.jpg 900w, https:\/\/jorgezanoni.com.br\/2019\/wp-content\/uploads\/2019\/08\/Asud-300x200.jpg 300w, https:\/\/jorgezanoni.com.br\/2019\/wp-content\/uploads\/2019\/08\/Asud-768x512.jpg 768w, https:\/\/jorgezanoni.com.br\/2019\/wp-content\/uploads\/2019\/08\/Asud-696x464.jpg 696w, https:\/\/jorgezanoni.com.br\/2019\/wp-content\/uploads\/2019\/08\/Asud-630x420.jpg 630w\" sizes=\"auto, (max-width: 900px) 100vw, 900px\" \/><\/p>\n<p>O in\u00edcio oficial das atividades da ASUD foi anunciado pelo seu Presidente, Prof. Samuel Ferrari; juntamente com Caroline Massami Oshima (1\u00aa Tesoureira), Marcela Damasceno Cotareli (2\u00aa Tesoureira) e Andr\u00e9 Galdino da Silva (2\u00ba Secret\u00e1rio). Al\u00e9m destes, a Diretoria Executiva \u00e9 composta por Gustavo Faccin (Vice-Presidente) e Wanderson Luis de Carvalho (1\u00ba Secret\u00e1rio).<\/p>\n<p><img loading=\"lazy\" decoding=\"async\" class=\"alignnone size-full wp-image-4872\" src=\"https:\/\/jorgezanoni.com.br\/2019\/wp-content\/uploads\/2019\/08\/IMG_8108.jpg\" alt=\"\" width=\"900\" height=\"675\" srcset=\"https:\/\/jorgezanoni.com.br\/2019\/wp-content\/uploads\/2019\/08\/IMG_8108.jpg 900w, https:\/\/jorgezanoni.com.br\/2019\/wp-content\/uploads\/2019\/08\/IMG_8108-300x225.jpg 300w, https:\/\/jorgezanoni.com.br\/2019\/wp-content\/uploads\/2019\/08\/IMG_8108-768x576.jpg 768w, https:\/\/jorgezanoni.com.br\/2019\/wp-content\/uploads\/2019\/08\/IMG_8108-80x60.jpg 80w, https:\/\/jorgezanoni.com.br\/2019\/wp-content\/uploads\/2019\/08\/IMG_8108-265x198.jpg 265w, https:\/\/jorgezanoni.com.br\/2019\/wp-content\/uploads\/2019\/08\/IMG_8108-696x522.jpg 696w, https:\/\/jorgezanoni.com.br\/2019\/wp-content\/uploads\/2019\/08\/IMG_8108-560x420.jpg 560w\" sizes=\"auto, (max-width: 900px) 100vw, 900px\" \/><\/p>\n<p>Nesse an\u00fancio estiveram presentes o Diretor da FCAT, Prof. Paulo Alexandre Monteiro de Figueiredo, e a Diretoria da Associa\u00e7\u00e3o Comercial de Dracena (ACE) representados por Luis Carlos Scaliante, Rosana Valcezi e Luciano Gerlin.<\/p>\n<p style=\"text-align: justify;\"><img loading=\"lazy\" decoding=\"async\" class=\"alignnone size-full wp-image-4873\" src=\"https:\/\/jorgezanoni.com.br\/2019\/wp-content\/uploads\/2019\/08\/IMG_8115.jpg\" alt=\"\" width=\"900\" height=\"675\" srcset=\"https:\/\/jorgezanoni.com.br\/2019\/wp-content\/uploads\/2019\/08\/IMG_8115.jpg 900w, https:\/\/jorgezanoni.com.br\/2019\/wp-content\/uploads\/2019\/08\/IMG_8115-300x225.jpg 300w, https:\/\/jorgezanoni.com.br\/2019\/wp-content\/uploads\/2019\/08\/IMG_8115-768x576.jpg 768w, https:\/\/jorgezanoni.com.br\/2019\/wp-content\/uploads\/2019\/08\/IMG_8115-80x60.jpg 80w, https:\/\/jorgezanoni.com.br\/2019\/wp-content\/uploads\/2019\/08\/IMG_8115-265x198.jpg 265w, https:\/\/jorgezanoni.com.br\/2019\/wp-content\/uploads\/2019\/08\/IMG_8115-696x522.jpg 696w, https:\/\/jorgezanoni.com.br\/2019\/wp-content\/uploads\/2019\/08\/IMG_8115-560x420.jpg 560w\" sizes=\"auto, (max-width: 900px) 100vw, 900px\" \/><\/p>\n<p style=\"text-align: justify;\">A ASUD \u00e9 formada por servidores p\u00fablicos da UNESP C\u00e2mpus de Dracena e visa promover a uni\u00e3o e cooperativismo para seus associados, al\u00e9m de trazer facilidades e gerar benef\u00edcios por meio de conv\u00eanios com empresas de Dracena e, agora, uma parceria com a ACE. A Associa\u00e7\u00e3o buscar\u00e1 tamb\u00e9m promover reuni\u00f5es e atividades de car\u00e1ter social, cultural, recreativo e esportivo com seus associados.<\/p>\n<p><img loading=\"lazy\" decoding=\"async\" class=\"alignnone size-full wp-image-4874\" src=\"https:\/\/jorgezanoni.com.br\/2019\/wp-content\/uploads\/2019\/08\/IMG_8114.jpg\" alt=\"\" width=\"900\" height=\"675\" srcset=\"https:\/\/jorgezanoni.com.br\/2019\/wp-content\/uploads\/2019\/08\/IMG_8114.jpg 900w, https:\/\/jorgezanoni.com.br\/2019\/wp-content\/uploads\/2019\/08\/IMG_8114-300x225.jpg 300w, https:\/\/jorgezanoni.com.br\/2019\/wp-content\/uploads\/2019\/08\/IMG_8114-768x576.jpg 768w, https:\/\/jorgezanoni.com.br\/2019\/wp-content\/uploads\/2019\/08\/IMG_8114-80x60.jpg 80w, https:\/\/jorgezanoni.com.br\/2019\/wp-content\/uploads\/2019\/08\/IMG_8114-265x198.jpg 265w, https:\/\/jorgezanoni.com.br\/2019\/wp-content\/uploads\/2019\/08\/IMG_8114-696x522.jpg 696w, https:\/\/jorgezanoni.com.br\/2019\/wp-content\/uploads\/2019\/08\/IMG_8114-560x420.jpg 560w\" sizes=\"auto, (max-width: 900px) 100vw, 900px\" \/><\/p>\n<p>Por fim, agradecemos a presen\u00e7a de todos em especial a imprensa local.<\/p>\n<p>Fonte: Assessoria Unesp<\/p>\n<p><strong>\u00a0<\/strong><\/p>\n<p><strong>\u00a0<\/strong><\/p>\n","protected":false},"excerpt":{"rendered":"<p>Apresenta\u00e7\u00e3o da Associa\u00e7\u00e3o dos Servidores da Unesp de Dracena \u2013 ASUD Coletiva de imprensa marca o in\u00edcio oficial das atividades da ASUD Na manh\u00e3 de 27 de agosto de 2019, foi realizada a apresenta\u00e7\u00e3o oficial da Associa\u00e7\u00e3o dos Servidores da Unesp de Dracena \u2013 ASUD no Anfiteatro da Biblioteca da FCAT. O in\u00edcio oficial das [&hellip;]<\/p>\n","protected":false},"author":1,"featured_media":4875,"comment_status":"closed","ping_status":"open","sticky":false,"template":"","format":"standard","meta":{"footnotes":""},"categories":[114,110],"tags":[],"class_list":["post-4870","post","type-post","status-publish","format-standard","has-post-thumbnail","hentry","category-geralecomercio","category-noticiasdestaque"],"_links":{"self":[{"href":"https:\/\/jorgezanoni.com.br\/2019\/wp-json\/wp\/v2\/posts\/4870","targetHints":{"allow":["GET"]}}],"collection":[{"href":"https:\/\/jorgezanoni.com.br\/2019\/wp-json\/wp\/v2\/posts"}],"about":[{"href":"https:\/\/jorgezanoni.com.br\/2019\/wp-json\/wp\/v2\/types\/post"}],"author":[{"embeddable":true,"href":"https:\/\/jorgezanoni.com.br\/2019\/wp-json\/wp\/v2\/users\/1"}],"replies":[{"embeddable":true,"href":"https:\/\/jorgezanoni.com.br\/2019\/wp-json\/wp\/v2\/comments?post=4870"}],"version-history":[{"count":0,"href":"https:\/\/jorgezanoni.com.br\/2019\/wp-json\/wp\/v2\/posts\/4870\/revisions"}],"wp:featuredmedia":[{"embeddable":true,"href":"https:\/\/jorgezanoni.com.br\/2019\/wp-json\/wp\/v2\/media\/4875"}],"wp:attachment":[{"href":"https:\/\/jorgezanoni.com.br\/2019\/wp-json\/wp\/v2\/media?parent=4870"}],"wp:term":[{"taxonomy":"category","embeddable":true,"href":"https:\/\/jorgezanoni.com.br\/2019\/wp-json\/wp\/v2\/categories?post=4870"},{"taxonomy":"post_tag","embeddable":true,"href":"https:\/\/jorgezanoni.com.br\/2019\/wp-json\/wp\/v2\/tags?post=4870"}],"curies":[{"name":"wp","href":"https:\/\/api.w.org\/{rel}","templated":true}]}}