{"id":48591,"date":"2021-05-30T15:30:55","date_gmt":"2021-05-30T15:30:55","guid":{"rendered":"https:\/\/jorgezanoni.com.br\/2019\/?p=48591"},"modified":"2021-05-30T15:31:12","modified_gmt":"2021-05-30T15:31:12","slug":"homicidio-em-panorama-homem-e-encontrado-morto-com-as-maos-amarradas-amordacado","status":"publish","type":"post","link":"https:\/\/jorgezanoni.com.br\/2019\/homicidio-em-panorama-homem-e-encontrado-morto-com-as-maos-amarradas-amordacado\/","title":{"rendered":"Homic\u00eddio em Panorama: Homem \u00e9 encontrado morto com as m\u00e3os amarradas e amorda\u00e7ado"},"content":{"rendered":"<div class=\"kvgmc6g5 cxmmr5t8 oygrvhab hcukyx3x c1et5uql ii04i59q\">\n<div dir=\"auto\" style=\"text-align: justify;\">Deivid Holanda Toledo, de 29 anos, da foto, foi a v\u00edtima de assassinato encontrada agora pela manh\u00e3 em buraco pr\u00f3ximo da linha f\u00e9rrea nas margens da Avenida Porf\u00edrio Augusto Pires entre os bairros Marrecas e Areia Branca. V\u00edtima encontrada ensanguentada, com as m\u00e3os amarradas e boca amorda\u00e7ada. At\u00e9 o momento n\u00e3o se sabe como foi executado. Estava residindo h\u00e1 20 dias em Panorama. Corpo vai para o IML em Dracena.<\/div>\n<div dir=\"auto\" style=\"text-align: justify;\"><\/div>\n<\/div>\n<div class=\"o9v6fnle cxmmr5t8 oygrvhab hcukyx3x c1et5uql ii04i59q\" style=\"text-align: justify;\">\n<div dir=\"auto\">Veja mais em <a class=\"oajrlxb2 g5ia77u1 qu0x051f esr5mh6w e9989ue4 r7d6kgcz rq0escxv nhd2j8a9 nc684nl6 p7hjln8o kvgmc6g5 cxmmr5t8 oygrvhab hcukyx3x jb3vyjys rz4wbd8a qt6c0cv9 a8nywdso i1ao9s8h esuyzwwr f1sip0of lzcic4wl oo9gr5id gpro0wi8 lrazzd5p\" tabindex=\"0\" role=\"link\" href=\"https:\/\/www.facebook.com\/panorama.noticia\/videos\/699582840776142\/?__cft__[0]=AZWv8pbWq-sCDpF04BqbogfFwcf--2a7mnTU40hK3A1Tz6I2FkxCeICNeZ47T5hAvNcOMlkpItDIi3tSWqnNOOk4TDVazSsmIMGHsVqC1_8B-NQumszHyV1mfVfLr2bVYW6YwNBSqkUZ_ASnji4e2CYR&amp;__tn__=-UK-R\">https:\/\/www.facebook.com\/watch\/?v=699582840776142<\/a><\/div>\n<\/div>\n<div dir=\"auto\" style=\"text-align: justify;\"><\/div>\n<div dir=\"auto\" style=\"text-align: justify;\">Fonte: Panorama Not\u00edcias<\/div>\n<div dir=\"auto\" style=\"text-align: justify;\"><\/div>\n<div dir=\"auto\" style=\"text-align: justify;\">Comp. Jorge Zanoni<\/div>\n","protected":false},"excerpt":{"rendered":"<p>Deivid Holanda Toledo, de 29 anos, da foto, foi a v\u00edtima de assassinato encontrada agora pela manh\u00e3 em buraco pr\u00f3ximo da linha f\u00e9rrea nas margens da Avenida Porf\u00edrio Augusto Pires entre os bairros Marrecas e Areia Branca. V\u00edtima encontrada ensanguentada, com as m\u00e3os amarradas e boca amorda\u00e7ada. At\u00e9 o momento n\u00e3o se sabe como foi [&hellip;]<\/p>\n","protected":false},"author":1,"featured_media":48592,"comment_status":"closed","ping_status":"open","sticky":false,"template":"","format":"standard","meta":{"footnotes":""},"categories":[110,2],"tags":[],"class_list":["post-48591","post","type-post","status-publish","format-standard","has-post-thumbnail","hentry","category-noticiasdestaque","category-policial"],"_links":{"self":[{"href":"https:\/\/jorgezanoni.com.br\/2019\/wp-json\/wp\/v2\/posts\/48591","targetHints":{"allow":["GET"]}}],"collection":[{"href":"https:\/\/jorgezanoni.com.br\/2019\/wp-json\/wp\/v2\/posts"}],"about":[{"href":"https:\/\/jorgezanoni.com.br\/2019\/wp-json\/wp\/v2\/types\/post"}],"author":[{"embeddable":true,"href":"https:\/\/jorgezanoni.com.br\/2019\/wp-json\/wp\/v2\/users\/1"}],"replies":[{"embeddable":true,"href":"https:\/\/jorgezanoni.com.br\/2019\/wp-json\/wp\/v2\/comments?post=48591"}],"version-history":[{"count":0,"href":"https:\/\/jorgezanoni.com.br\/2019\/wp-json\/wp\/v2\/posts\/48591\/revisions"}],"wp:featuredmedia":[{"embeddable":true,"href":"https:\/\/jorgezanoni.com.br\/2019\/wp-json\/wp\/v2\/media\/48592"}],"wp:attachment":[{"href":"https:\/\/jorgezanoni.com.br\/2019\/wp-json\/wp\/v2\/media?parent=48591"}],"wp:term":[{"taxonomy":"category","embeddable":true,"href":"https:\/\/jorgezanoni.com.br\/2019\/wp-json\/wp\/v2\/categories?post=48591"},{"taxonomy":"post_tag","embeddable":true,"href":"https:\/\/jorgezanoni.com.br\/2019\/wp-json\/wp\/v2\/tags?post=48591"}],"curies":[{"name":"wp","href":"https:\/\/api.w.org\/{rel}","templated":true}]}}