{"id":48544,"date":"2021-05-29T16:17:33","date_gmt":"2021-05-29T16:17:33","guid":{"rendered":"https:\/\/jorgezanoni.com.br\/2019\/?p=48544"},"modified":"2021-05-29T16:21:34","modified_gmt":"2021-05-29T16:21:34","slug":"acidente-grave-deixa-uma-vitima-fatal-no-trevo-de-osvaldo-cruz","status":"publish","type":"post","link":"https:\/\/jorgezanoni.com.br\/2019\/acidente-grave-deixa-uma-vitima-fatal-no-trevo-de-osvaldo-cruz\/","title":{"rendered":"Acidente grave deixa uma v\u00edtima fatal no trevo de Osvaldo Cruz"},"content":{"rendered":"<p style=\"text-align: justify;\"><strong>Motorista da caminhonete, de 38 anos, morador de Adamantina, n\u00e3o resistiu e veio a \u00f3bito.<\/strong><\/p>\n<p style=\"text-align: justify;\">Um grave acidente foi registrado na manh\u00e3 deste s\u00e1bado (29), na rodovia Comandante Jo\u00e3o Ribeiro de Barros no Km 569 + 500 Mts., trevo principal de Osvaldo Cruz.<\/p>\n<p style=\"text-align: justify;\">Segundo informa\u00e7\u00f5es um caminh\u00e3o com placas de Patos de Minas, que seguia sentindo In\u00fabia Paulista a Parapu\u00e3 por motivos a ser investigado colidiu frontalmente com uma caminhonete com placas de S\u00e3o Paulo, que seguia no sentido oposto.<\/p>\n<p style=\"text-align: justify;\">O motorista da caminhonete foi socorrido pela Unidade Resgate do Corpo de Bombeiros de Osvaldo Cruz para a Santa Casa, onde ficou sob os cuidados m\u00e9dicos, por\u00e9m n\u00e3o resistiu e faleceu no hospital.<\/p>\n<p style=\"text-align: justify;\">Al\u00e9m do corpo de Bombeiro, trabalharam na ocorr\u00eancia Pol\u00edcia Militar Rodovi\u00e1ria Base Operacional de Adamantina, Concession\u00e1ria Eixo, e apoiaram, o policiamento de \u00e1rea de Osvaldo Cruz. A Pol\u00edcia Cientifica deve emitir um laudo da causa do acidente em 30 dias.<\/p>\n<p style=\"text-align: justify;\">Fonte: https:\/\/www.cnnews.net.br\/Cristiano Nascimento<\/p>\n<p style=\"text-align: justify;\">Foto: Internauta<\/p>\n<p>&nbsp;<\/p>\n<p>&nbsp;<\/p>\n<p>&nbsp;<\/p>\n","protected":false},"excerpt":{"rendered":"<p>Motorista da caminhonete, de 38 anos, morador de Adamantina, n\u00e3o resistiu e veio a \u00f3bito. Um grave acidente foi registrado na manh\u00e3 deste s\u00e1bado (29), na rodovia Comandante Jo\u00e3o Ribeiro de Barros no Km 569 + 500 Mts., trevo principal de Osvaldo Cruz. Segundo informa\u00e7\u00f5es um caminh\u00e3o com placas de Patos de Minas, que seguia [&hellip;]<\/p>\n","protected":false},"author":1,"featured_media":48547,"comment_status":"closed","ping_status":"open","sticky":false,"template":"","format":"standard","meta":{"footnotes":""},"categories":[170,110],"tags":[],"class_list":["post-48544","post","type-post","status-publish","format-standard","has-post-thumbnail","hentry","category-acidentes","category-noticiasdestaque"],"_links":{"self":[{"href":"https:\/\/jorgezanoni.com.br\/2019\/wp-json\/wp\/v2\/posts\/48544","targetHints":{"allow":["GET"]}}],"collection":[{"href":"https:\/\/jorgezanoni.com.br\/2019\/wp-json\/wp\/v2\/posts"}],"about":[{"href":"https:\/\/jorgezanoni.com.br\/2019\/wp-json\/wp\/v2\/types\/post"}],"author":[{"embeddable":true,"href":"https:\/\/jorgezanoni.com.br\/2019\/wp-json\/wp\/v2\/users\/1"}],"replies":[{"embeddable":true,"href":"https:\/\/jorgezanoni.com.br\/2019\/wp-json\/wp\/v2\/comments?post=48544"}],"version-history":[{"count":0,"href":"https:\/\/jorgezanoni.com.br\/2019\/wp-json\/wp\/v2\/posts\/48544\/revisions"}],"wp:featuredmedia":[{"embeddable":true,"href":"https:\/\/jorgezanoni.com.br\/2019\/wp-json\/wp\/v2\/media\/48547"}],"wp:attachment":[{"href":"https:\/\/jorgezanoni.com.br\/2019\/wp-json\/wp\/v2\/media?parent=48544"}],"wp:term":[{"taxonomy":"category","embeddable":true,"href":"https:\/\/jorgezanoni.com.br\/2019\/wp-json\/wp\/v2\/categories?post=48544"},{"taxonomy":"post_tag","embeddable":true,"href":"https:\/\/jorgezanoni.com.br\/2019\/wp-json\/wp\/v2\/tags?post=48544"}],"curies":[{"name":"wp","href":"https:\/\/api.w.org\/{rel}","templated":true}]}}