{"id":48540,"date":"2021-05-29T15:57:03","date_gmt":"2021-05-29T15:57:03","guid":{"rendered":"https:\/\/jorgezanoni.com.br\/2019\/?p=48540"},"modified":"2021-05-30T13:54:21","modified_gmt":"2021-05-30T13:54:21","slug":"morre-o-bombeiro-aposentado-andre-carbone","status":"publish","type":"post","link":"https:\/\/jorgezanoni.com.br\/2019\/morre-o-bombeiro-aposentado-andre-carbone\/","title":{"rendered":"Morre o Bombeiro aposentado Andr\u00e9 Carbone"},"content":{"rendered":"<p style=\"text-align: justify;\">Comunicamos com pesar o falecimento de Jos\u00e9 Andr\u00e9 Carbone de 54 anos. Ele havia sofrido um AVC na \u00faltima quinta-feira e foi transferido para a cidade de Botucatu. Na manh\u00e3 deste s\u00e1bado (29), n\u00e3o resistiu, vindo a \u00f3bito.<\/p>\n<p style=\"text-align: justify;\">Deixa uma filha, demais familiares e amigos.<\/p>\n<p style=\"text-align: justify;\">Carbone era Bombeiro aposentado como Sub Tenente h\u00e1 alguns anos, tendo prestado relevante servi\u00e7os \u00e0 comunidade de Dracena e regi\u00e3o.<\/p>\n<p style=\"text-align: justify;\">Era um ex\u00edmio churrasqueiro e cozinheiro, tivemos a oportunidade de desfrutar de sua amizade na Equipe do Vagalume Futebol Clube por muitos anos, todas as quartas-feiras na ABD.<\/p>\n<p style=\"text-align: justify;\">O Site JZ se solidariza com os familiares, colegas de farda e amigos neste dif\u00edcil momento.<\/p>\n<p style=\"text-align: justify;\">Jorge Zanoni<\/p>\n<p><img loading=\"lazy\" decoding=\"async\" class=\"alignnone size-full wp-image-48572\" src=\"https:\/\/jorgezanoni.com.br\/2019\/wp-content\/uploads\/2021\/05\/Carbone-1.jpg\" alt=\"\" width=\"540\" height=\"540\" srcset=\"https:\/\/jorgezanoni.com.br\/2019\/wp-content\/uploads\/2021\/05\/Carbone-1.jpg 540w, https:\/\/jorgezanoni.com.br\/2019\/wp-content\/uploads\/2021\/05\/Carbone-1-300x300.jpg 300w, https:\/\/jorgezanoni.com.br\/2019\/wp-content\/uploads\/2021\/05\/Carbone-1-150x150.jpg 150w, https:\/\/jorgezanoni.com.br\/2019\/wp-content\/uploads\/2021\/05\/Carbone-1-420x420.jpg 420w\" sizes=\"auto, (max-width: 540px) 100vw, 540px\" \/><\/p>\n<p>&nbsp;<\/p>\n<p>&nbsp;<\/p>\n<p>&nbsp;<\/p>\n<p>&nbsp;<\/p>\n<p>ACABAMOS DE PERDER NOSSO AMIGO CARBONE&#8230;&#8230;FALECEU A POUCO POR AVC EM BOTUCATU.<\/p>\n","protected":false},"excerpt":{"rendered":"<p>Comunicamos com pesar o falecimento de Jos\u00e9 Andr\u00e9 Carbone de 54 anos. Ele havia sofrido um AVC na \u00faltima quinta-feira e foi transferido para a cidade de Botucatu. Na manh\u00e3 deste s\u00e1bado (29), n\u00e3o resistiu, vindo a \u00f3bito. Deixa uma filha, demais familiares e amigos. Carbone era Bombeiro aposentado como Sub Tenente h\u00e1 alguns anos, [&hellip;]<\/p>\n","protected":false},"author":1,"featured_media":48542,"comment_status":"closed","ping_status":"open","sticky":false,"template":"","format":"standard","meta":{"footnotes":""},"categories":[178,110],"tags":[],"class_list":["post-48540","post","type-post","status-publish","format-standard","has-post-thumbnail","hentry","category-notadefalecimento","category-noticiasdestaque"],"_links":{"self":[{"href":"https:\/\/jorgezanoni.com.br\/2019\/wp-json\/wp\/v2\/posts\/48540","targetHints":{"allow":["GET"]}}],"collection":[{"href":"https:\/\/jorgezanoni.com.br\/2019\/wp-json\/wp\/v2\/posts"}],"about":[{"href":"https:\/\/jorgezanoni.com.br\/2019\/wp-json\/wp\/v2\/types\/post"}],"author":[{"embeddable":true,"href":"https:\/\/jorgezanoni.com.br\/2019\/wp-json\/wp\/v2\/users\/1"}],"replies":[{"embeddable":true,"href":"https:\/\/jorgezanoni.com.br\/2019\/wp-json\/wp\/v2\/comments?post=48540"}],"version-history":[{"count":0,"href":"https:\/\/jorgezanoni.com.br\/2019\/wp-json\/wp\/v2\/posts\/48540\/revisions"}],"wp:featuredmedia":[{"embeddable":true,"href":"https:\/\/jorgezanoni.com.br\/2019\/wp-json\/wp\/v2\/media\/48542"}],"wp:attachment":[{"href":"https:\/\/jorgezanoni.com.br\/2019\/wp-json\/wp\/v2\/media?parent=48540"}],"wp:term":[{"taxonomy":"category","embeddable":true,"href":"https:\/\/jorgezanoni.com.br\/2019\/wp-json\/wp\/v2\/categories?post=48540"},{"taxonomy":"post_tag","embeddable":true,"href":"https:\/\/jorgezanoni.com.br\/2019\/wp-json\/wp\/v2\/tags?post=48540"}],"curies":[{"name":"wp","href":"https:\/\/api.w.org\/{rel}","templated":true}]}}