{"id":48504,"date":"2021-05-28T23:16:39","date_gmt":"2021-05-28T23:16:39","guid":{"rendered":"https:\/\/jorgezanoni.com.br\/2019\/?p=48504"},"modified":"2021-05-28T23:16:39","modified_gmt":"2021-05-28T23:16:39","slug":"boletim-atualizado-da-covid-19-da-secretaria-municipal-de-saude-de-dracena-28-05-21","status":"publish","type":"post","link":"https:\/\/jorgezanoni.com.br\/2019\/boletim-atualizado-da-covid-19-da-secretaria-municipal-de-saude-de-dracena-28-05-21\/","title":{"rendered":"Boletim atualizado da COVID-19 da Secretaria Municipal de Sa\u00fade de Dracena 28\/05\/21"},"content":{"rendered":"<div class=\"kvgmc6g5 cxmmr5t8 oygrvhab hcukyx3x c1et5uql ii04i59q\">\n<div dir=\"auto\">BOLETIM COVID 19<\/div>\n<div dir=\"auto\">Sexta-feira, dia 28\/05<\/div>\n<\/div>\n<div class=\"o9v6fnle cxmmr5t8 oygrvhab hcukyx3x c1et5uql ii04i59q\">\n<div dir=\"auto\">Suspeitos: 83<\/div>\n<div dir=\"auto\">Suspeitos domiciliar: 83<\/div>\n<div dir=\"auto\">Suspeito hospitalar: 0<\/div>\n<\/div>\n<div class=\"o9v6fnle cxmmr5t8 oygrvhab hcukyx3x c1et5uql ii04i59q\">\n<div dir=\"auto\">Confirmados: 4.642<\/div>\n<div dir=\"auto\">Curados: 4.306<\/div>\n<div dir=\"auto\">Isolamento domiciliar: 110<\/div>\n<div dir=\"auto\">Tratamento hospitalar: 18<\/div>\n<div dir=\"auto\">\u00d3bitos: 208<\/div>\n<\/div>\n<div class=\"o9v6fnle cxmmr5t8 oygrvhab hcukyx3x c1et5uql ii04i59q\">\n<div dir=\"auto\">ALERTA<\/div>\n<div dir=\"auto\">Nas \u00faltimas 24h: 29 casos novos de covid foram registrados.<\/div>\n<div dir=\"auto\">Nas \u00faltimas 24h: 23 pacientes se curaram.<\/div>\n<div dir=\"auto\"><\/div>\n<div dir=\"auto\">Fonte: https:\/\/www.facebook.com\/prefeituradracena<\/div>\n<\/div>\n","protected":false},"excerpt":{"rendered":"<p>BOLETIM COVID 19 Sexta-feira, dia 28\/05 Suspeitos: 83 Suspeitos domiciliar: 83 Suspeito hospitalar: 0 Confirmados: 4.642 Curados: 4.306 Isolamento domiciliar: 110 Tratamento hospitalar: 18 \u00d3bitos: 208 ALERTA Nas \u00faltimas 24h: 29 casos novos de covid foram registrados. Nas \u00faltimas 24h: 23 pacientes se curaram. Fonte: https:\/\/www.facebook.com\/prefeituradracena<\/p>\n","protected":false},"author":1,"featured_media":48505,"comment_status":"closed","ping_status":"open","sticky":false,"template":"","format":"standard","meta":{"footnotes":""},"categories":[179,184,110],"tags":[],"class_list":["post-48504","post","type-post","status-publish","format-standard","has-post-thumbnail","hentry","category-cidadeseregiao","category-dracena","category-noticiasdestaque"],"_links":{"self":[{"href":"https:\/\/jorgezanoni.com.br\/2019\/wp-json\/wp\/v2\/posts\/48504","targetHints":{"allow":["GET"]}}],"collection":[{"href":"https:\/\/jorgezanoni.com.br\/2019\/wp-json\/wp\/v2\/posts"}],"about":[{"href":"https:\/\/jorgezanoni.com.br\/2019\/wp-json\/wp\/v2\/types\/post"}],"author":[{"embeddable":true,"href":"https:\/\/jorgezanoni.com.br\/2019\/wp-json\/wp\/v2\/users\/1"}],"replies":[{"embeddable":true,"href":"https:\/\/jorgezanoni.com.br\/2019\/wp-json\/wp\/v2\/comments?post=48504"}],"version-history":[{"count":0,"href":"https:\/\/jorgezanoni.com.br\/2019\/wp-json\/wp\/v2\/posts\/48504\/revisions"}],"wp:featuredmedia":[{"embeddable":true,"href":"https:\/\/jorgezanoni.com.br\/2019\/wp-json\/wp\/v2\/media\/48505"}],"wp:attachment":[{"href":"https:\/\/jorgezanoni.com.br\/2019\/wp-json\/wp\/v2\/media?parent=48504"}],"wp:term":[{"taxonomy":"category","embeddable":true,"href":"https:\/\/jorgezanoni.com.br\/2019\/wp-json\/wp\/v2\/categories?post=48504"},{"taxonomy":"post_tag","embeddable":true,"href":"https:\/\/jorgezanoni.com.br\/2019\/wp-json\/wp\/v2\/tags?post=48504"}],"curies":[{"name":"wp","href":"https:\/\/api.w.org\/{rel}","templated":true}]}}