{"id":4850,"date":"2019-08-29T07:07:40","date_gmt":"2019-08-29T07:07:40","guid":{"rendered":"https:\/\/jorgezanoni.com.br\/2019\/?p=4850"},"modified":"2019-08-29T07:07:40","modified_gmt":"2019-08-29T07:07:40","slug":"acusados-da-morte-do-empresario-e-ex-vice-prefeito-sergio-cavalari-peres-sao-condenados-com-pena-de-28-anos-de-prisao-cada-um","status":"publish","type":"post","link":"https:\/\/jorgezanoni.com.br\/2019\/acusados-da-morte-do-empresario-e-ex-vice-prefeito-sergio-cavalari-peres-sao-condenados-com-pena-de-28-anos-de-prisao-cada-um\/","title":{"rendered":"Acusados da morte do empres\u00e1rio e ex-vice-prefeito Sergio Cavalari Peres s\u00e3o condenados com pena de 28 anos de pris\u00e3o cada um"},"content":{"rendered":"<p style=\"text-align: justify;\"><strong>Josiane Alves Ferreira e Sebasti\u00e3o Amaro dos Santos s\u00e3o condenados h\u00e1 28 anos de pris\u00e3o cada um, em regime fechado.\u00a0<\/strong><\/p>\n<p style=\"text-align: justify;\">Em sess\u00e3o do Tribunal do J\u00fari que teve mais de 30 horas de dura\u00e7\u00e3o, os r\u00e9us acusados de serem o mandante e mentora do crime que tirou a vida do empres\u00e1rio e ex-vice-prefeito morto a tiros em sua ch\u00e1cara na vicinal Jo\u00e3o Ara\u00fajo, no dia 5 de janeiro de 2008, S\u00e9rgio Cavalari Peres, foram condenados a cumprir pena de 28 anos de pris\u00e3o cada um em regime inicialmente fechado.<\/p>\n<p><img loading=\"lazy\" decoding=\"async\" class=\"alignnone size-full wp-image-4851\" src=\"https:\/\/jorgezanoni.com.br\/2019\/wp-content\/uploads\/2019\/08\/Juri.jpg\" alt=\"\" width=\"1032\" height=\"774\" srcset=\"https:\/\/jorgezanoni.com.br\/2019\/wp-content\/uploads\/2019\/08\/Juri.jpg 1032w, https:\/\/jorgezanoni.com.br\/2019\/wp-content\/uploads\/2019\/08\/Juri-300x225.jpg 300w, https:\/\/jorgezanoni.com.br\/2019\/wp-content\/uploads\/2019\/08\/Juri-768x576.jpg 768w, https:\/\/jorgezanoni.com.br\/2019\/wp-content\/uploads\/2019\/08\/Juri-1024x768.jpg 1024w, https:\/\/jorgezanoni.com.br\/2019\/wp-content\/uploads\/2019\/08\/Juri-80x60.jpg 80w, https:\/\/jorgezanoni.com.br\/2019\/wp-content\/uploads\/2019\/08\/Juri-265x198.jpg 265w, https:\/\/jorgezanoni.com.br\/2019\/wp-content\/uploads\/2019\/08\/Juri-696x522.jpg 696w, https:\/\/jorgezanoni.com.br\/2019\/wp-content\/uploads\/2019\/08\/Juri-560x420.jpg 560w\" sizes=\"auto, (max-width: 1032px) 100vw, 1032px\" \/><\/p>\n<p style=\"text-align: justify;\">O corpo de jurados composto por cinco mulheres e dois homens, teve \u00e0 frente a MM. Juiza Dra. Aline Tabuchi da Silva, como acusa\u00e7\u00e3o trabalharam o Promotor P\u00fablico Dr. Eduardo Rufino Galindo Campos e o Advogado Dr. Jos\u00e9 Reinaldo Gussi. J\u00e1 na defesa de Josiane atuou o Dr. Marcos Hamiltom Bonfim de Presidente Prudente e defesa de Sebasti\u00e3o Amaro, os Advogados, Drs. Paulo Henrique Patrese e Renato L\u00facio de Toledo Lima, ambos de Ribeir\u00e3o Preto.<\/p>\n<p><img loading=\"lazy\" decoding=\"async\" class=\"alignnone size-full wp-image-4852\" src=\"https:\/\/jorgezanoni.com.br\/2019\/wp-content\/uploads\/2019\/08\/juri2.jpg\" alt=\"\" width=\"1032\" height=\"774\" srcset=\"https:\/\/jorgezanoni.com.br\/2019\/wp-content\/uploads\/2019\/08\/juri2.jpg 1032w, https:\/\/jorgezanoni.com.br\/2019\/wp-content\/uploads\/2019\/08\/juri2-300x225.jpg 300w, https:\/\/jorgezanoni.com.br\/2019\/wp-content\/uploads\/2019\/08\/juri2-768x576.jpg 768w, https:\/\/jorgezanoni.com.br\/2019\/wp-content\/uploads\/2019\/08\/juri2-1024x768.jpg 1024w, https:\/\/jorgezanoni.com.br\/2019\/wp-content\/uploads\/2019\/08\/juri2-80x60.jpg 80w, https:\/\/jorgezanoni.com.br\/2019\/wp-content\/uploads\/2019\/08\/juri2-265x198.jpg 265w, https:\/\/jorgezanoni.com.br\/2019\/wp-content\/uploads\/2019\/08\/juri2-696x522.jpg 696w, https:\/\/jorgezanoni.com.br\/2019\/wp-content\/uploads\/2019\/08\/juri2-560x420.jpg 560w\" sizes=\"auto, (max-width: 1032px) 100vw, 1032px\" \/><\/p>\n<p style=\"text-align: justify;\">O J\u00fari foi bastante concorrido em fun\u00e7\u00e3o da v\u00edtima S\u00e9rgio Cavalari Peres ser pessoa muito querida na cidade e que gozava de amizade e prest\u00edgio em todos os seguimentos. Comerciante respeitado, empreendedor, participante ativo de entidades, especialmente do Lions Clube de Dracena. Sua morte chocou toda a comunidade dracenense.<\/p>\n<p style=\"text-align: justify;\">Outros dois r\u00e9us do caso que foram os executores, Jo\u00e3o Manoel da Silva, j\u00e1 foi julgado e condenado, sendo que est\u00e1 preso cumprindo 29 anos de pris\u00e3o. J\u00e1 Renato Nogueira da Silva n\u00e3o compareceu ao julgamento, ficando marcado um outro J\u00fari dele para o dia 23 de setembro de 2019.<\/p>\n<p><img loading=\"lazy\" decoding=\"async\" class=\"alignnone size-full wp-image-4853\" src=\"https:\/\/jorgezanoni.com.br\/2019\/wp-content\/uploads\/2019\/08\/juri6.jpg\" alt=\"\" width=\"1032\" height=\"774\" srcset=\"https:\/\/jorgezanoni.com.br\/2019\/wp-content\/uploads\/2019\/08\/juri6.jpg 1032w, https:\/\/jorgezanoni.com.br\/2019\/wp-content\/uploads\/2019\/08\/juri6-300x225.jpg 300w, https:\/\/jorgezanoni.com.br\/2019\/wp-content\/uploads\/2019\/08\/juri6-768x576.jpg 768w, https:\/\/jorgezanoni.com.br\/2019\/wp-content\/uploads\/2019\/08\/juri6-1024x768.jpg 1024w, https:\/\/jorgezanoni.com.br\/2019\/wp-content\/uploads\/2019\/08\/juri6-80x60.jpg 80w, https:\/\/jorgezanoni.com.br\/2019\/wp-content\/uploads\/2019\/08\/juri6-265x198.jpg 265w, https:\/\/jorgezanoni.com.br\/2019\/wp-content\/uploads\/2019\/08\/juri6-696x522.jpg 696w, https:\/\/jorgezanoni.com.br\/2019\/wp-content\/uploads\/2019\/08\/juri6-560x420.jpg 560w\" sizes=\"auto, (max-width: 1032px) 100vw, 1032px\" \/><\/p>\n<p style=\"text-align: justify;\">Por mais de 30 horas, testemunhas e debates aconteceram, sendo que as galerias ficaram praticamente o tempo todo lotadas. Foi um dos J\u00faris mais concorridos da Hist\u00f3ria de Dracena.<\/p>\n<p style=\"text-align: justify;\">Josiane e Sebasti\u00e3o Amaro, j\u00e1 sa\u00edram do F\u00f3rum algemados e foram levados para um pres\u00eddio.\u00a0Familiares da vit\u00edma e dos r\u00e9us acompanharam todo o desenrolar do julgamento. Os advogados de defesa disseram que ir\u00e3o entrar com recurso. A Pol\u00edcia Militar esteve o tempo todo fazendo a seguran\u00e7a do local.<\/p>\n<p>Jorge Zanoni<\/p>\n","protected":false},"excerpt":{"rendered":"<p>Josiane Alves Ferreira e Sebasti\u00e3o Amaro dos Santos s\u00e3o condenados h\u00e1 28 anos de pris\u00e3o cada um, em regime fechado.\u00a0 Em sess\u00e3o do Tribunal do J\u00fari que teve mais de 30 horas de dura\u00e7\u00e3o, os r\u00e9us acusados de serem o mandante e mentora do crime que tirou a vida do empres\u00e1rio e ex-vice-prefeito morto a [&hellip;]<\/p>\n","protected":false},"author":1,"featured_media":4854,"comment_status":"closed","ping_status":"open","sticky":false,"template":"","format":"standard","meta":{"footnotes":""},"categories":[120,110],"tags":[],"class_list":["post-4850","post","type-post","status-publish","format-standard","has-post-thumbnail","hentry","category-justicahabitacaotecnologia","category-noticiasdestaque"],"_links":{"self":[{"href":"https:\/\/jorgezanoni.com.br\/2019\/wp-json\/wp\/v2\/posts\/4850","targetHints":{"allow":["GET"]}}],"collection":[{"href":"https:\/\/jorgezanoni.com.br\/2019\/wp-json\/wp\/v2\/posts"}],"about":[{"href":"https:\/\/jorgezanoni.com.br\/2019\/wp-json\/wp\/v2\/types\/post"}],"author":[{"embeddable":true,"href":"https:\/\/jorgezanoni.com.br\/2019\/wp-json\/wp\/v2\/users\/1"}],"replies":[{"embeddable":true,"href":"https:\/\/jorgezanoni.com.br\/2019\/wp-json\/wp\/v2\/comments?post=4850"}],"version-history":[{"count":0,"href":"https:\/\/jorgezanoni.com.br\/2019\/wp-json\/wp\/v2\/posts\/4850\/revisions"}],"wp:featuredmedia":[{"embeddable":true,"href":"https:\/\/jorgezanoni.com.br\/2019\/wp-json\/wp\/v2\/media\/4854"}],"wp:attachment":[{"href":"https:\/\/jorgezanoni.com.br\/2019\/wp-json\/wp\/v2\/media?parent=4850"}],"wp:term":[{"taxonomy":"category","embeddable":true,"href":"https:\/\/jorgezanoni.com.br\/2019\/wp-json\/wp\/v2\/categories?post=4850"},{"taxonomy":"post_tag","embeddable":true,"href":"https:\/\/jorgezanoni.com.br\/2019\/wp-json\/wp\/v2\/tags?post=4850"}],"curies":[{"name":"wp","href":"https:\/\/api.w.org\/{rel}","templated":true}]}}