{"id":48498,"date":"2021-05-28T22:49:40","date_gmt":"2021-05-28T22:49:40","guid":{"rendered":"https:\/\/jorgezanoni.com.br\/2019\/?p=48498"},"modified":"2021-05-28T22:49:40","modified_gmt":"2021-05-28T22:49:40","slug":"unifadra-realizara-palestra-sobre-a-orientacao-pedagogica-na-educacao-infantil","status":"publish","type":"post","link":"https:\/\/jorgezanoni.com.br\/2019\/unifadra-realizara-palestra-sobre-a-orientacao-pedagogica-na-educacao-infantil\/","title":{"rendered":"Unifadra realizar\u00e1 palestra sobre a orienta\u00e7\u00e3o pedag\u00f3gica na Educa\u00e7\u00e3o Infantil"},"content":{"rendered":"<p style=\"text-align: justify;\"><span style=\"font-size: large;\">O curso de Pedagogia da Unifadra convida para uma webpalestra no dia 1\u00ba de junho, ter\u00e7a-feira, \u00e0s 19h, com o tema &#8220;O processo de orienta\u00e7\u00e3o pedag\u00f3gica na Educa\u00e7\u00e3o Infantil&#8221;.<\/span><\/p>\n<p><span style=\"font-size: large;\">Andr\u00e9ia Guilhen Pinto, doutoranda e mestra em Educa\u00e7\u00e3o pela Unesp, ser\u00e1 a palestrante da noite e abordar\u00e1 o assunto a fim de contribuir no processo de constru\u00e7\u00e3o de conhecimentos sobre a atua\u00e7\u00e3o na educa\u00e7\u00e3o infantil.<\/span><\/p>\n<p><span style=\"font-size: large;\">Professora de Educa\u00e7\u00e3o Infantil na Prefeitura Municipal de Presidente Prudente,\u00a0<\/span>Andr\u00e9ia<span style=\"font-size: large;\">\u00a0tem experi\u00eancia na \u00e1rea da Educa\u00e7\u00e3o atuando principalmente nos temas: forma\u00e7\u00e3o de professores, in\u00edcio de carreira, identidade profissional, representa\u00e7\u00f5es e saberes.<\/span><\/p>\n<p><span style=\"font-size: large;\">A coordenadora do curso de Pedagogia da Unifadra,\u00a0<\/span>Profa. Dra.<span style=\"font-size: large;\">\u00a0Vanessa Ribeiro Andreto, ressalta que o evento tamb\u00e9m servir\u00e1 como um suporte te\u00f3rico e pr\u00e1tico para as discuss\u00f5es de est\u00e1gio nessa etapa de ensino.<\/span><\/p>\n<p><b><span style=\"font-size: large;\">Palestra: O processo de orienta\u00e7\u00e3o pedag\u00f3gica na Educa\u00e7\u00e3o Infantil<\/span><br \/>\n<\/b><span style=\"font-size: large;\"><b>Convidada<\/b>: Profa. Ma. Andr\u00e9ia Guilhen Pinto<\/span><br \/>\n<span style=\"font-size: large;\"><b>Quando<\/b>: 1\u00ba de junho, ter\u00e7a-feira, \u00e0s 19h<\/span><br \/>\n<span style=\"font-size: large;\"><b>Assista em<\/b>:\u00a0<a href=\"https:\/\/meet.google.com\/wuc-bgut-zjp\" target=\"_blank\" rel=\"noopener noreferrer\">https:\/\/meet.google.com\/wuc-bgut-zjp<\/a><\/span><\/p>\n<p>Kenia Gomes<br \/>\nAssistente de Comunica\u00e7\u00e3o &#8211; Fundec<br \/>\nFunda\u00e7\u00e3o Dracenense de Educa\u00e7\u00e3o e Cultura<\/p>\n","protected":false},"excerpt":{"rendered":"<p>O curso de Pedagogia da Unifadra convida para uma webpalestra no dia 1\u00ba de junho, ter\u00e7a-feira, \u00e0s 19h, com o tema &#8220;O processo de orienta\u00e7\u00e3o pedag\u00f3gica na Educa\u00e7\u00e3o Infantil&#8221;. Andr\u00e9ia Guilhen Pinto, doutoranda e mestra em Educa\u00e7\u00e3o pela Unesp, ser\u00e1 a palestrante da noite e abordar\u00e1 o assunto a fim de contribuir no processo de [&hellip;]<\/p>\n","protected":false},"author":1,"featured_media":48499,"comment_status":"closed","ping_status":"open","sticky":false,"template":"","format":"standard","meta":{"footnotes":""},"categories":[122],"tags":[],"class_list":["post-48498","post","type-post","status-publish","format-standard","has-post-thumbnail","hentry","category-saudeeducacaoeconcurso"],"_links":{"self":[{"href":"https:\/\/jorgezanoni.com.br\/2019\/wp-json\/wp\/v2\/posts\/48498","targetHints":{"allow":["GET"]}}],"collection":[{"href":"https:\/\/jorgezanoni.com.br\/2019\/wp-json\/wp\/v2\/posts"}],"about":[{"href":"https:\/\/jorgezanoni.com.br\/2019\/wp-json\/wp\/v2\/types\/post"}],"author":[{"embeddable":true,"href":"https:\/\/jorgezanoni.com.br\/2019\/wp-json\/wp\/v2\/users\/1"}],"replies":[{"embeddable":true,"href":"https:\/\/jorgezanoni.com.br\/2019\/wp-json\/wp\/v2\/comments?post=48498"}],"version-history":[{"count":0,"href":"https:\/\/jorgezanoni.com.br\/2019\/wp-json\/wp\/v2\/posts\/48498\/revisions"}],"wp:featuredmedia":[{"embeddable":true,"href":"https:\/\/jorgezanoni.com.br\/2019\/wp-json\/wp\/v2\/media\/48499"}],"wp:attachment":[{"href":"https:\/\/jorgezanoni.com.br\/2019\/wp-json\/wp\/v2\/media?parent=48498"}],"wp:term":[{"taxonomy":"category","embeddable":true,"href":"https:\/\/jorgezanoni.com.br\/2019\/wp-json\/wp\/v2\/categories?post=48498"},{"taxonomy":"post_tag","embeddable":true,"href":"https:\/\/jorgezanoni.com.br\/2019\/wp-json\/wp\/v2\/tags?post=48498"}],"curies":[{"name":"wp","href":"https:\/\/api.w.org\/{rel}","templated":true}]}}