{"id":48488,"date":"2021-05-28T14:15:59","date_gmt":"2021-05-28T14:15:59","guid":{"rendered":"https:\/\/jorgezanoni.com.br\/2019\/?p=48488"},"modified":"2021-05-28T14:15:59","modified_gmt":"2021-05-28T14:15:59","slug":"aulas-de-educacao-musical-no-anglo-cid-desenvolvem-habilidades-cognitivas-e-facilitam-o-aprendizado-das-criancas","status":"publish","type":"post","link":"https:\/\/jorgezanoni.com.br\/2019\/aulas-de-educacao-musical-no-anglo-cid-desenvolvem-habilidades-cognitivas-e-facilitam-o-aprendizado-das-criancas\/","title":{"rendered":"Aulas de Educa\u00e7\u00e3o Musical no Anglo-CID desenvolvem habilidades cognitivas e facilitam o aprendizado das crian\u00e7as"},"content":{"rendered":"<p style=\"text-align: justify;\"><span style=\"font-size: large;\">No Col\u00e9gio Anglo-CID as aulas de Educa\u00e7\u00e3o Musical fazem parte do curr\u00edculo dos alunos do 1\u00ba ao 9\u00ba ano do ensino fundamental e contribuem para o desenvolvimento intelectual e social das crian\u00e7as.<\/span><\/p>\n<p><span style=\"font-size: large;\">Com uma estrutura de excel\u00eancia, o col\u00e9gio leva aos seus alunos um sistema de ensino moderno, com materiais did\u00e1ticos de refer\u00eancia nacional e tecnologias que garantem um alto n\u00edvel de aprendizado &#8211; incluindo programas como o &#8220;L\u00edder em Mim&#8221; e o &#8220;Can\u00e7\u00f5es&#8221;.<\/span><\/p>\n<p><span style=\"font-size: large;\">A m\u00fasica auxilia na autodisciplina, na paci\u00eancia, fortalece a mem\u00f3ria, melhora a concentra\u00e7\u00e3o e a aten\u00e7\u00e3o, diminui o estresse, promove o autoconhecimento, melhora a sensibilidade e ajuda a criar v\u00ednculos.<\/span><\/p>\n<p><span style=\"font-size: large;\">Os professores explicam que o repert\u00f3rio diversificado e as atividades estimulam a criatividade dos alunos e desenvolvem as habilidades musicais, al\u00e9m das cognitivas &#8211; que facilitam o aprendizado das crian\u00e7as de modo geral.<\/span><\/p>\n<p><span style=\"font-size: large;\">As aulas e atividades multidisciplinares do Col\u00e9gio Anglo-CID, permeadas pelos programas oferecidos desde o in\u00edcio da alfabetiza\u00e7\u00e3o, fazem da viv\u00eancia educacional no col\u00e9gio um processo em que os alunos s\u00e3o protagonistas do seu aprendizado.<\/span><\/p>\n<p><span style=\"font-size: large;\">No per\u00edodo vespertino, todos os alunos, do 1\u00ba ano do ensino fundamental ao 3\u00ba ano do ensino m\u00e9dio, tamb\u00e9m podem participar do projeto Can\u00e7\u00f5es &#8211; uma atividade extracurricular gratuita na institui\u00e7\u00e3o.<\/span><\/p>\n<p><span style=\"font-size: large;\">O projeto &#8211; que iniciou como orquestra &#8211; hoje, pela afinidade com os alunos,\u00a0<\/span>tem<span style=\"font-size: large;\">\u00a0caracter\u00edsticas de grupo\/banda, que s\u00e3o mais atrativas para os jovens. Al\u00e9m do canto coral, inclui instrumentos como saxofone, ukulele, viol\u00e3o, teclado, violino, bateria e tubos percussivos.<\/span><\/p>\n<p><span style=\"font-size: large;\">&#8220;Podemos dizer que o primeiro h\u00e1bito do L\u00edder em Mim &#8211; seja proativo &#8211; est\u00e1 presente em todas as aulas de m\u00fasica, em atitudes de lideran\u00e7a, responsabilidade e iniciativa&#8221;, afirma a Profa. Esp. Fl\u00e1via Araujo Antonio Barros, que ministra as aulas do Can\u00e7\u00f5es juntamente com a Profa. Jaqueline de Britos Silva.<\/span><\/p>\n<p><span style=\"font-size: large;\">A diretora do Anglo-CID, Profa. Eul\u00e1lia Pires Fava, esclarece que o grupo vinha se apresentando no col\u00e9gio e em solenidades do munic\u00edpio e acrescenta &#8220;por enquanto, as atividades presenciais do Can\u00e7\u00f5es est\u00e3o suspensas, mas as atividades musicais nas aulas est\u00e3o sendo desenvolvidas pela parceria entre o professor da disciplina e a coordena\u00e7\u00e3o do projeto&#8221;.<\/span><\/p>\n<p><span style=\"font-size: large;\">&#8220;O projeto Can\u00e7\u00f5es caminha ao lado da Educa\u00e7\u00e3o Musical que integra nossa grade curricular. Ele vem para complementar o aprendizado e as atividades desenvolvidas em sala de aula no per\u00edodo matutino. A uni\u00e3o entre a parte te\u00f3rica [Educa\u00e7\u00e3o Musical] e a pr\u00e1tica [Can\u00e7\u00f5es] favorece o aprendizado mais significativo e se torna uma oportunidade de lazer e de descontra\u00e7\u00e3o nestes tempos de isolamento&#8221;, finaliza a diretora.<\/span><\/p>\n<p style=\"text-align: justify;\">Kenia Gomes<br \/>\nAssistente de Comunica\u00e7\u00e3o &#8211; Fundec<br \/>\nFunda\u00e7\u00e3o Dracenense de Educa\u00e7\u00e3o e Cultura<\/p>\n","protected":false},"excerpt":{"rendered":"<p>No Col\u00e9gio Anglo-CID as aulas de Educa\u00e7\u00e3o Musical fazem parte do curr\u00edculo dos alunos do 1\u00ba ao 9\u00ba ano do ensino fundamental e contribuem para o desenvolvimento intelectual e social das crian\u00e7as. Com uma estrutura de excel\u00eancia, o col\u00e9gio leva aos seus alunos um sistema de ensino moderno, com materiais did\u00e1ticos de refer\u00eancia nacional e [&hellip;]<\/p>\n","protected":false},"author":1,"featured_media":48489,"comment_status":"closed","ping_status":"open","sticky":false,"template":"","format":"standard","meta":{"footnotes":""},"categories":[183,122],"tags":[],"class_list":["post-48488","post","type-post","status-publish","format-standard","has-post-thumbnail","hentry","category-musicaeturismo","category-saudeeducacaoeconcurso"],"_links":{"self":[{"href":"https:\/\/jorgezanoni.com.br\/2019\/wp-json\/wp\/v2\/posts\/48488","targetHints":{"allow":["GET"]}}],"collection":[{"href":"https:\/\/jorgezanoni.com.br\/2019\/wp-json\/wp\/v2\/posts"}],"about":[{"href":"https:\/\/jorgezanoni.com.br\/2019\/wp-json\/wp\/v2\/types\/post"}],"author":[{"embeddable":true,"href":"https:\/\/jorgezanoni.com.br\/2019\/wp-json\/wp\/v2\/users\/1"}],"replies":[{"embeddable":true,"href":"https:\/\/jorgezanoni.com.br\/2019\/wp-json\/wp\/v2\/comments?post=48488"}],"version-history":[{"count":0,"href":"https:\/\/jorgezanoni.com.br\/2019\/wp-json\/wp\/v2\/posts\/48488\/revisions"}],"wp:featuredmedia":[{"embeddable":true,"href":"https:\/\/jorgezanoni.com.br\/2019\/wp-json\/wp\/v2\/media\/48489"}],"wp:attachment":[{"href":"https:\/\/jorgezanoni.com.br\/2019\/wp-json\/wp\/v2\/media?parent=48488"}],"wp:term":[{"taxonomy":"category","embeddable":true,"href":"https:\/\/jorgezanoni.com.br\/2019\/wp-json\/wp\/v2\/categories?post=48488"},{"taxonomy":"post_tag","embeddable":true,"href":"https:\/\/jorgezanoni.com.br\/2019\/wp-json\/wp\/v2\/tags?post=48488"}],"curies":[{"name":"wp","href":"https:\/\/api.w.org\/{rel}","templated":true}]}}