{"id":48485,"date":"2021-05-28T13:51:31","date_gmt":"2021-05-28T13:51:31","guid":{"rendered":"https:\/\/jorgezanoni.com.br\/2019\/?p=48485"},"modified":"2021-05-28T13:51:31","modified_gmt":"2021-05-28T13:51:31","slug":"atividade-fisica-na-infancia-foi-assunto-de-palestra-na-unifadra","status":"publish","type":"post","link":"https:\/\/jorgezanoni.com.br\/2019\/atividade-fisica-na-infancia-foi-assunto-de-palestra-na-unifadra\/","title":{"rendered":"Atividade f\u00edsica na inf\u00e2ncia foi assunto de palestra na Unifadra"},"content":{"rendered":"<div dir=\"ltr\" style=\"text-align: justify;\"><span style=\"font-size: large;\">Realizada por videoconfer\u00eancia na noite do dia 19, a terceira palestra do Semin\u00e1rios da Educa\u00e7\u00e3o F\u00edsica &#8220;Atividade f\u00edsica e esporte na inf\u00e2ncia e adolesc\u00eancia&#8221; foi ministrada pelo\u00a0<\/span>Prof. Dr.<span style=\"font-size: large;\">\u00a0R\u00f4mulo Ara\u00fajo Fernandes, docente do curso Educa\u00e7\u00e3o F\u00edsica da Unesp de Presidente Prudente.<\/span><\/p>\n<p><span style=\"font-size: large;\">O evento contou com 80 inscritos, de diversas institui\u00e7\u00f5es de ensino, incluindo tamb\u00e9m os profissionais j\u00e1 formados, al\u00e9m de pessoas vindas de \u00e1reas distintas, como Nutri\u00e7\u00e3o e Medicina.<\/span><\/p>\n<p><span style=\"font-size: large;\">O\u00a0<\/span>Prof. Dr.<span style=\"font-size: large;\">\u00a0R\u00f4mulo \u00e9 coordenador do Laborat\u00f3rio de Investiga\u00e7\u00e3o em Exerc\u00edcio\u00a0<\/span>(LIVE),<span style=\"font-size: large;\">\u00a0na Unesp, que estuda a tem\u00e1tica espec\u00edfica de sa\u00fade e crescimento humano e a interface com o exerc\u00edcio f\u00edsico, trabalhando com crian\u00e7as e adolescentes.<\/span><\/p>\n<p><span style=\"font-size: large;\">&#8220;As informa\u00e7\u00f5es apresentadas aqui s\u00e3o produto do nosso laborat\u00f3rio&#8221;, destacou o palestrante, acrescentando que elas avaliam os efeitos dos exerc\u00edcios f\u00edsicos considerando informa\u00e7\u00f5es relacionadas com a matura\u00e7\u00e3o na adolesc\u00eancia &#8211; visto que, em termos de comportamentos, esse \u00e9 o momento que define os h\u00e1bitos na fase adulta. Al\u00e9m disso, indicou que o n\u00facleo familiar \u00e9 uma das principais influ\u00eancias dos h\u00e1bitos dos adolescentes tamb\u00e9m em rela\u00e7\u00e3o \u00e0 pr\u00e1tica esportiva.<\/span><\/p>\n<p><span style=\"font-size: large;\">Quem perdeu a palestra ainda pode assistir ao evento em:\u00a0<a href=\"https:\/\/youtu.be\/I5hsUYl3DAo\" target=\"_blank\" rel=\"noopener noreferrer\">https:\/\/youtu.be\/I5hsUYl3DAo<\/a><\/span><\/p>\n<p><span style=\"font-size: large;\">&#8220;\u00c9 uma alegria trazer estes docentes e pesquisadores para falar em nosso evento, para nossos alunos e para a comunidade. A qualidade dessa palestra foi alt\u00edssima. J\u00e1 estamos ansiosos para a pr\u00f3xima&#8221;, relatou a Profa.\u00a0<\/span>Dra.<span style=\"font-size: large;\">\u00a0Denise Rodrigues Bueno, coordenadora do curso de Educa\u00e7\u00e3o F\u00edsica da Unifadra, que est\u00e1 desenvolvendo as atividades.<\/span><\/p>\n<p><span style=\"font-size: large;\">O diretor acad\u00eamico da Unifadra,\u00a0<\/span>Prof. Dr.<span style=\"font-size: large;\">\u00a0Enio Garbelini, parabenizou o professor pela palestra e afirmou a import\u00e2ncia do tema, trazendo informa\u00e7\u00f5es relevantes para os participantes e a sociedade em geral.<\/span><\/p>\n<p><span style=\"font-size: large;\"><b>Semin\u00e1rios Educa\u00e7\u00e3o F\u00edsica<\/b><\/span><\/p>\n<p><span style=\"font-size: large;\">Encerrando o Semin\u00e1rio, no\u00a0<b>dia 10\/06, \u00e0s 20h<\/b>, o Prof. Esp. Rubens\u00a0<\/span>Rolllo<span style=\"font-size: large;\">\u00a0Cavalin, docente da Unifadra, abordar\u00e1 o tema\u00a0<\/span>&#8220;Alcan\u00e7ando<span style=\"font-size: large;\">\u00a0o sucesso em sua carreira&#8221;.<\/span><\/p>\n<p><span style=\"font-size: large;\">Siga nossas atividades e fique de olho para n\u00e3o perder a \u00faltima palestra. Divulgaremos o pr\u00f3ximo link de inscri\u00e7\u00e3o em breve:\u00a0<a href=\"https:\/\/www.facebook.com\/Unifadra\/\" target=\"_blank\" rel=\"noopener noreferrer\">https:\/\/www.facebook.com\/Unifadra\/<\/a>\u00a0.<\/span><\/p>\n<p><span style=\"font-size: large;\">Realizado pelo curso de Educa\u00e7\u00e3o F\u00edsica da Unifadra\/Fundec de Dracena, o Semin\u00e1rios da Educa\u00e7\u00e3o F\u00edsica \u00e9 um evento gratuito e aberto a alunos, profissionais e \u00e0 comunidade externa. As palestras s\u00e3o transmitidas via Google Meet e Youtube, com emiss\u00e3o de certificado.<\/span><\/div>\n<div dir=\"ltr\"><\/div>\n<div dir=\"ltr\">Kenia Gomes<br \/>\nAssistente de Comunica\u00e7\u00e3o &#8211; Fundec<br \/>\nFunda\u00e7\u00e3o Dracenense de Educa\u00e7\u00e3o e Cultura<\/div>\n","protected":false},"excerpt":{"rendered":"<p>Realizada por videoconfer\u00eancia na noite do dia 19, a terceira palestra do Semin\u00e1rios da Educa\u00e7\u00e3o F\u00edsica &#8220;Atividade f\u00edsica e esporte na inf\u00e2ncia e adolesc\u00eancia&#8221; foi ministrada pelo\u00a0Prof. Dr.\u00a0R\u00f4mulo Ara\u00fajo Fernandes, docente do curso Educa\u00e7\u00e3o F\u00edsica da Unesp de Presidente Prudente. O evento contou com 80 inscritos, de diversas institui\u00e7\u00f5es de ensino, incluindo tamb\u00e9m os profissionais [&hellip;]<\/p>\n","protected":false},"author":1,"featured_media":48486,"comment_status":"closed","ping_status":"open","sticky":false,"template":"","format":"standard","meta":{"footnotes":""},"categories":[122],"tags":[],"class_list":["post-48485","post","type-post","status-publish","format-standard","has-post-thumbnail","hentry","category-saudeeducacaoeconcurso"],"_links":{"self":[{"href":"https:\/\/jorgezanoni.com.br\/2019\/wp-json\/wp\/v2\/posts\/48485","targetHints":{"allow":["GET"]}}],"collection":[{"href":"https:\/\/jorgezanoni.com.br\/2019\/wp-json\/wp\/v2\/posts"}],"about":[{"href":"https:\/\/jorgezanoni.com.br\/2019\/wp-json\/wp\/v2\/types\/post"}],"author":[{"embeddable":true,"href":"https:\/\/jorgezanoni.com.br\/2019\/wp-json\/wp\/v2\/users\/1"}],"replies":[{"embeddable":true,"href":"https:\/\/jorgezanoni.com.br\/2019\/wp-json\/wp\/v2\/comments?post=48485"}],"version-history":[{"count":0,"href":"https:\/\/jorgezanoni.com.br\/2019\/wp-json\/wp\/v2\/posts\/48485\/revisions"}],"wp:featuredmedia":[{"embeddable":true,"href":"https:\/\/jorgezanoni.com.br\/2019\/wp-json\/wp\/v2\/media\/48486"}],"wp:attachment":[{"href":"https:\/\/jorgezanoni.com.br\/2019\/wp-json\/wp\/v2\/media?parent=48485"}],"wp:term":[{"taxonomy":"category","embeddable":true,"href":"https:\/\/jorgezanoni.com.br\/2019\/wp-json\/wp\/v2\/categories?post=48485"},{"taxonomy":"post_tag","embeddable":true,"href":"https:\/\/jorgezanoni.com.br\/2019\/wp-json\/wp\/v2\/tags?post=48485"}],"curies":[{"name":"wp","href":"https:\/\/api.w.org\/{rel}","templated":true}]}}