{"id":48482,"date":"2021-05-28T13:34:49","date_gmt":"2021-05-28T13:34:49","guid":{"rendered":"https:\/\/jorgezanoni.com.br\/2019\/?p=48482"},"modified":"2021-05-28T13:34:49","modified_gmt":"2021-05-28T13:34:49","slug":"aluna-do-anglo-cid-e-premiada-em-concurso-fotografico","status":"publish","type":"post","link":"https:\/\/jorgezanoni.com.br\/2019\/aluna-do-anglo-cid-e-premiada-em-concurso-fotografico\/","title":{"rendered":"Aluna do Anglo-CID \u00e9 premiada em concurso fotogr\u00e1fico"},"content":{"rendered":"<div>\n<div>\n<div class=\"v1gmail_signature\" dir=\"ltr\">\n<div dir=\"ltr\" style=\"text-align: justify;\"><span style=\"font-size: large;\">A jovem Manuela Gutierres cursa o 6\u00ba ano do ensino fundamental no Col\u00e9gio Anglo-CID e foi uma das 37 participantes do concurso de fotografia <\/span>on-line<span style=\"font-size: large;\">\u00a0promovido pela Secretaria Municipal de Cultura e Turismo de Dracena.<\/span><\/p>\n<p><span style=\"font-size: large;\">Segundo o secret\u00e1rio de Cultura e Turismo Douglas Carvalho de Souza, a ideia do concurso era &#8220;estimular que os participantes enviassem registros do seu cotidiano, expressando sentimentos e vis\u00f5es das situa\u00e7\u00f5es, a partir da viv\u00eancia dentro de casa&#8221;.<\/span><\/p>\n<p><span style=\"font-size: large;\">Os inscritos puderam enviar uma fotografia para cada categoria do concurso: paisagem pela janela e retrato. As fotos foram julgadas por tr\u00eas fot\u00f3grafos da cidade, Bruno Rodolpho, Igor Takahashi e Renan Saran, e o p\u00fablico tamb\u00e9m p\u00f4de votar (com curtidas) em sua favorita pelo Facebook da Secretaria de Cultura e Turismo.<\/span><\/p>\n<p><span style=\"font-size: large;\">Manuela Gutierres foi a premiada na categoria retrato e conquistou os votos de Bruno Rodolpho e Igor Takahashi. Al\u00e9m do destaque, ela recebeu um pr\u00eamio em dinheiro\u00a0<\/span>(R$ 250),<span style=\"font-size: large;\">\u00a0que foi entregue pelo prefeito Andr\u00e9 Lemos.<\/span><\/p>\n<p><span style=\"font-size: large;\">A garota contou que pretende ser m\u00e9dica, mas tem a fotografia como um hobby. Orgulhosa, sua m\u00e3e disse que Manuela faz fotos lindas pelo pr\u00f3prio celular.<\/span><\/p>\n<p><span style=\"font-size: large;\">&#8220;A Manuela se destaca no col\u00e9gio como uma aluna exemplar no seu comprometimento com os estudos, disciplinada, educada e muito meiga&#8221;, ressalta a diretora do Anglo-CID, Eul\u00e1lia Pires Fava.<\/span><\/p>\n<p><span style=\"font-size: large;\">&#8220;Esse pr\u00eamio vem para incentivar ainda mais esses e outros valores, que a querida Manu, como n\u00f3s a chamamos carinhosamente, j\u00e1 possui. Pr\u00eamio merecido e que tamb\u00e9m nos deixa muito felizes, pois reconhece o talento dessa garota t\u00e3o especial. Parab\u00e9ns, de toda a equipe Anglo&#8221;, finaliza a diretora.<\/span><\/p>\n<p><span style=\"font-size: large;\"><b>&#8220;O que meus olhos veem&#8221;<\/b><\/span><br \/>\n<span style=\"font-size: large;\">O concurso contou com a participa\u00e7\u00e3o de 37 inscritos. As ganhadoras Manuela Gutierres (categoria retrato) e Simone Pereira de Freitas (categoria paisagem) receberam o pr\u00eamio de\u00a0<\/span>R$ 250,00<span style=\"font-size: large;\">\u00a0cada. Pelo Facebook, a foto mais curtida da categoria &#8220;Retrato&#8221; foi feita por Luciene de Souza Paula, j\u00e1 na categoria &#8220;Paisagem pela janela&#8221; foi clicada por Diego Baptista.<\/span><\/div>\n<div dir=\"ltr\" style=\"text-align: justify;\"><\/div>\n<div dir=\"ltr\" style=\"text-align: justify;\"><\/div>\n<p><u>Legenda<\/u>: O prefeito Andr\u00e9 Lemos fez a entrega do pr\u00eamio a Manuela Gutierres, acompanhado pelo secret\u00e1rio Douglas Carvalho de Souza (Foto: Diretoria de Comunica\u00e7\u00e3o da Prefeitura Municipal de Dracena)<\/div>\n<\/div>\n<\/div>\n<div class=\"v1gmail_signature\" dir=\"ltr\" style=\"text-align: justify;\"><\/div>\n<div class=\"v1gmail_signature\" style=\"text-align: justify;\"><u>Fotos premiadas:<\/u><\/div>\n<div class=\"v1gmail_signature\" dir=\"ltr\" style=\"text-align: justify;\">Manuela Gutierres &gt;&gt;\u00a0<a href=\"https:\/\/www.facebook.com\/culturaeturismoemdracena\/posts\/174843751228989\" target=\"_blank\" rel=\"noopener noreferrer\">https:\/\/www.facebook.com\/culturaeturismoemdracena\/posts\/174843751228989<\/a><br \/>\nSimone Pereira de Freitas &gt;&gt;\u00a0<a href=\"https:\/\/www.facebook.com\/culturaeturismoemdracena\/posts\/174843287895702\" target=\"_blank\" rel=\"noopener noreferrer\">https:\/\/www.facebook.com\/culturaeturismoemdracena\/posts\/174843287895702<\/a><\/p>\n<p><u>Fotos do concurso:<\/u><br \/>\nPaisagem pela janela &gt;&gt;\u00a0<a href=\"https:\/\/facebook.com\/culturaeturismoemdracena\/posts\/171945928185438\" target=\"_blank\" rel=\"noopener noreferrer\">https:\/\/facebook.com\/culturaeturismoemdracena\/posts\/171945928185438<\/a><br \/>\nRetrato &gt;&gt;\u00a0<a href=\"https:\/\/facebook.com\/culturaeturismoemdracena\/posts\/171946194852078\" target=\"_blank\" rel=\"noopener noreferrer\">https:\/\/facebook.com\/culturaeturismoemdracena\/posts\/171946194852078<\/a><\/div>\n<div dir=\"ltr\"><\/div>\n<div dir=\"ltr\">Kenia Gomes<br \/>\nAssistente de Comunica\u00e7\u00e3o &#8211; Fundec<br \/>\nFunda\u00e7\u00e3o Dracenense de Educa\u00e7\u00e3o e Cultura<\/div>\n<div class=\"v1gmail_signature\" dir=\"ltr\" style=\"text-align: justify;\"><\/div>\n","protected":false},"excerpt":{"rendered":"<p>A jovem Manuela Gutierres cursa o 6\u00ba ano do ensino fundamental no Col\u00e9gio Anglo-CID e foi uma das 37 participantes do concurso de fotografia on-line\u00a0promovido pela Secretaria Municipal de Cultura e Turismo de Dracena. Segundo o secret\u00e1rio de Cultura e Turismo Douglas Carvalho de Souza, a ideia do concurso era &#8220;estimular que os participantes enviassem [&hellip;]<\/p>\n","protected":false},"author":1,"featured_media":48483,"comment_status":"closed","ping_status":"open","sticky":false,"template":"","format":"standard","meta":{"footnotes":""},"categories":[110,122],"tags":[],"class_list":["post-48482","post","type-post","status-publish","format-standard","has-post-thumbnail","hentry","category-noticiasdestaque","category-saudeeducacaoeconcurso"],"_links":{"self":[{"href":"https:\/\/jorgezanoni.com.br\/2019\/wp-json\/wp\/v2\/posts\/48482","targetHints":{"allow":["GET"]}}],"collection":[{"href":"https:\/\/jorgezanoni.com.br\/2019\/wp-json\/wp\/v2\/posts"}],"about":[{"href":"https:\/\/jorgezanoni.com.br\/2019\/wp-json\/wp\/v2\/types\/post"}],"author":[{"embeddable":true,"href":"https:\/\/jorgezanoni.com.br\/2019\/wp-json\/wp\/v2\/users\/1"}],"replies":[{"embeddable":true,"href":"https:\/\/jorgezanoni.com.br\/2019\/wp-json\/wp\/v2\/comments?post=48482"}],"version-history":[{"count":0,"href":"https:\/\/jorgezanoni.com.br\/2019\/wp-json\/wp\/v2\/posts\/48482\/revisions"}],"wp:featuredmedia":[{"embeddable":true,"href":"https:\/\/jorgezanoni.com.br\/2019\/wp-json\/wp\/v2\/media\/48483"}],"wp:attachment":[{"href":"https:\/\/jorgezanoni.com.br\/2019\/wp-json\/wp\/v2\/media?parent=48482"}],"wp:term":[{"taxonomy":"category","embeddable":true,"href":"https:\/\/jorgezanoni.com.br\/2019\/wp-json\/wp\/v2\/categories?post=48482"},{"taxonomy":"post_tag","embeddable":true,"href":"https:\/\/jorgezanoni.com.br\/2019\/wp-json\/wp\/v2\/tags?post=48482"}],"curies":[{"name":"wp","href":"https:\/\/api.w.org\/{rel}","templated":true}]}}