{"id":48471,"date":"2021-05-28T02:08:38","date_gmt":"2021-05-28T02:08:38","guid":{"rendered":"https:\/\/jorgezanoni.com.br\/2019\/?p=48471"},"modified":"2021-05-28T02:08:38","modified_gmt":"2021-05-28T02:08:38","slug":"motorista-com-veiculo-placas-de-dracena-e-preso-com-drogas-na-rodovia-marechal-rondon","status":"publish","type":"post","link":"https:\/\/jorgezanoni.com.br\/2019\/motorista-com-veiculo-placas-de-dracena-e-preso-com-drogas-na-rodovia-marechal-rondon\/","title":{"rendered":"Motorista com ve\u00edculo placas de Dracena \u00e9 preso com Drogas na Rodovia Marechal Rondon"},"content":{"rendered":"<p style=\"text-align: justify;\">A Pol\u00edcia Rodovi\u00e1ria prendeu na noite de segunda-feira (24), um homem acusado de tr\u00e1fico de entorpecente depois de localizar no ve\u00edculo que ele dirigia, um VW\/Gol com placas do munic\u00edpio de Dracena\/SP, 03 inv\u00f3lucros de maconha totalizando 0,150 kg e 01 micro tubo de coca\u00edna. Ocorr\u00eancia apresentada \u00e0 Central de Flagrantes de Ara\u00e7atuba sendo o infrator recolhido a Cadeia P\u00fablica local.<br \/>\nA pris\u00e3o do acusado aconteceu por volta das 19h30, altura do Km 535 da Rodovia Marechal Rondon (SP 300), durante o desencadeamento da Opera\u00e7\u00e3o Paz e Prote\u00e7\u00e3o, quando as equipes do Policiamento Rodovi\u00e1rio, em patrulhamento pela Rodovia SP 300, abordaram o ve\u00edculo VW\/Gol do munic\u00edpio de Dracena\/SP. Em busca veicular, foram encontrados, ocultos sob a tape\u00e7aria do ve\u00edculo, 3 peda\u00e7os de maconha.<br \/>\nEm depoimento, o condutor alegou que comprou as drogas em Ara\u00e7atuba\/SP, e iria comercializar no munic\u00edpio de Gabriel Monteiro\/SP. Diante disso, foi dada voz de pris\u00e3o ao condutor, em face do crime de Tr\u00e1fico de Drogas. Ocorr\u00eancia apresentada \u00e0 Central de Flagrantes de Ara\u00e7atuba sendo o infrator recolhido a Cadeia P\u00fablica local.<\/p>\n<p style=\"text-align: justify;\">MIL NOTICIAS\/Ag\u00eancia<\/p>\n<p style=\"text-align: justify;\">Comp. Jorge Zanoni<\/p>\n","protected":false},"excerpt":{"rendered":"<p>A Pol\u00edcia Rodovi\u00e1ria prendeu na noite de segunda-feira (24), um homem acusado de tr\u00e1fico de entorpecente depois de localizar no ve\u00edculo que ele dirigia, um VW\/Gol com placas do munic\u00edpio de Dracena\/SP, 03 inv\u00f3lucros de maconha totalizando 0,150 kg e 01 micro tubo de coca\u00edna. Ocorr\u00eancia apresentada \u00e0 Central de Flagrantes de Ara\u00e7atuba sendo o [&hellip;]<\/p>\n","protected":false},"author":1,"featured_media":48472,"comment_status":"closed","ping_status":"open","sticky":false,"template":"","format":"standard","meta":{"footnotes":""},"categories":[110,2],"tags":[],"class_list":["post-48471","post","type-post","status-publish","format-standard","has-post-thumbnail","hentry","category-noticiasdestaque","category-policial"],"_links":{"self":[{"href":"https:\/\/jorgezanoni.com.br\/2019\/wp-json\/wp\/v2\/posts\/48471","targetHints":{"allow":["GET"]}}],"collection":[{"href":"https:\/\/jorgezanoni.com.br\/2019\/wp-json\/wp\/v2\/posts"}],"about":[{"href":"https:\/\/jorgezanoni.com.br\/2019\/wp-json\/wp\/v2\/types\/post"}],"author":[{"embeddable":true,"href":"https:\/\/jorgezanoni.com.br\/2019\/wp-json\/wp\/v2\/users\/1"}],"replies":[{"embeddable":true,"href":"https:\/\/jorgezanoni.com.br\/2019\/wp-json\/wp\/v2\/comments?post=48471"}],"version-history":[{"count":0,"href":"https:\/\/jorgezanoni.com.br\/2019\/wp-json\/wp\/v2\/posts\/48471\/revisions"}],"wp:featuredmedia":[{"embeddable":true,"href":"https:\/\/jorgezanoni.com.br\/2019\/wp-json\/wp\/v2\/media\/48472"}],"wp:attachment":[{"href":"https:\/\/jorgezanoni.com.br\/2019\/wp-json\/wp\/v2\/media?parent=48471"}],"wp:term":[{"taxonomy":"category","embeddable":true,"href":"https:\/\/jorgezanoni.com.br\/2019\/wp-json\/wp\/v2\/categories?post=48471"},{"taxonomy":"post_tag","embeddable":true,"href":"https:\/\/jorgezanoni.com.br\/2019\/wp-json\/wp\/v2\/tags?post=48471"}],"curies":[{"name":"wp","href":"https:\/\/api.w.org\/{rel}","templated":true}]}}