{"id":4847,"date":"2019-08-29T06:27:24","date_gmt":"2019-08-29T06:27:24","guid":{"rendered":"https:\/\/jorgezanoni.com.br\/2019\/?p=4847"},"modified":"2019-08-29T06:27:24","modified_gmt":"2019-08-29T06:27:24","slug":"caso-sergio-cavalari-reus-josiane-e-sebastiao-amaro-sao-condenados-com-pena-de-28-anos-de-prisao-cada-um-29-08-19","status":"publish","type":"post","link":"https:\/\/jorgezanoni.com.br\/2019\/caso-sergio-cavalari-reus-josiane-e-sebastiao-amaro-sao-condenados-com-pena-de-28-anos-de-prisao-cada-um-29-08-19\/","title":{"rendered":"CASO S\u00c9RGIO CAVALARI: R\u00e9us Josiane e Sebasti\u00e3o Amaro s\u00e3o condenados com pena de 28 anos de pris\u00e3o cada um. 29\/08\/19"},"content":{"rendered":"<div id=\"fb-root\"><\/div>\n<p><script async=\"1\" defer=\"1\" crossorigin=\"anonymous\" src=\"https:\/\/connect.facebook.net\/en_US\/sdk.js#xfbml=1&amp;version=v4.0\"><\/script><\/p>\n<div class=\"fb-video\" data-href=\"https:\/\/www.facebook.com\/jorgezanonidracena\/videos\/719981621756725\/\" data-width=\"696\">\n<blockquote cite=\"https:\/\/www.facebook.com\/jorgezanonidracena\/videos\/719981621756725\/\" class=\"fb-xfbml-parse-ignore\"><p><a href=\"https:\/\/www.facebook.com\/jorgezanonidracena\/videos\/719981621756725\/\">CASO S\u00c9RGIO CAVALARI: R\u00e9us Josiane e Sebasti\u00e3o Amaro s\u00e3o condenados com pena de 28 anos de pris\u00e3o cada um. 29\/08\/19<\/a><\/p>\n<p>CASO S\u00c9RGIO CAVALARI: R\u00e9us Josiane e Sebasti\u00e3o Amaro s\u00e3o condenados com pena de 28 anos de pris\u00e3o cada um. 29\/08\/19<\/p>\n<p>Posted by <a href=\"https:\/\/www.facebook.com\/jorgezanonidracena\/\">Jorge Zanoni<\/a> on Wednesday, August 28, 2019<\/p><\/blockquote>\n<\/div>\n","protected":false},"excerpt":{"rendered":"<p>CASO S\u00c9RGIO CAVALARI: R\u00e9us Josiane e Sebasti\u00e3o Amaro s\u00e3o condenados com pena de 28 anos de pris\u00e3o cada um. 29\/08\/19 CASO S\u00c9RGIO CAVALARI: R\u00e9us Josiane e Sebasti\u00e3o Amaro s\u00e3o condenados com pena de 28 anos de pris\u00e3o cada um. 29\/08\/19 Posted by Jorge Zanoni on Wednesday, August 28, 2019<\/p>\n","protected":false},"author":1,"featured_media":4848,"comment_status":"closed","ping_status":"open","sticky":false,"template":"","format":"video","meta":{"footnotes":""},"categories":[169],"tags":[],"class_list":["post-4847","post","type-post","status-publish","format-video","has-post-thumbnail","hentry","category-videos","post_format-post-format-video"],"_links":{"self":[{"href":"https:\/\/jorgezanoni.com.br\/2019\/wp-json\/wp\/v2\/posts\/4847","targetHints":{"allow":["GET"]}}],"collection":[{"href":"https:\/\/jorgezanoni.com.br\/2019\/wp-json\/wp\/v2\/posts"}],"about":[{"href":"https:\/\/jorgezanoni.com.br\/2019\/wp-json\/wp\/v2\/types\/post"}],"author":[{"embeddable":true,"href":"https:\/\/jorgezanoni.com.br\/2019\/wp-json\/wp\/v2\/users\/1"}],"replies":[{"embeddable":true,"href":"https:\/\/jorgezanoni.com.br\/2019\/wp-json\/wp\/v2\/comments?post=4847"}],"version-history":[{"count":0,"href":"https:\/\/jorgezanoni.com.br\/2019\/wp-json\/wp\/v2\/posts\/4847\/revisions"}],"wp:featuredmedia":[{"embeddable":true,"href":"https:\/\/jorgezanoni.com.br\/2019\/wp-json\/wp\/v2\/media\/4848"}],"wp:attachment":[{"href":"https:\/\/jorgezanoni.com.br\/2019\/wp-json\/wp\/v2\/media?parent=4847"}],"wp:term":[{"taxonomy":"category","embeddable":true,"href":"https:\/\/jorgezanoni.com.br\/2019\/wp-json\/wp\/v2\/categories?post=4847"},{"taxonomy":"post_tag","embeddable":true,"href":"https:\/\/jorgezanoni.com.br\/2019\/wp-json\/wp\/v2\/tags?post=4847"}],"curies":[{"name":"wp","href":"https:\/\/api.w.org\/{rel}","templated":true}]}}