{"id":48467,"date":"2021-05-28T01:29:54","date_gmt":"2021-05-28T01:29:54","guid":{"rendered":"https:\/\/jorgezanoni.com.br\/2019\/?p=48467"},"modified":"2021-05-28T01:29:54","modified_gmt":"2021-05-28T01:29:54","slug":"a-depressao-infantil-e-um-transtorno-por-cidinha-pascoaloto","status":"publish","type":"post","link":"https:\/\/jorgezanoni.com.br\/2019\/a-depressao-infantil-e-um-transtorno-por-cidinha-pascoaloto\/","title":{"rendered":"A depress\u00e3o infantil \u00e9 um transtorno (por Cidinha Pascoaloto)"},"content":{"rendered":"<p style=\"text-align: justify;\"><strong>A depress\u00e3o infantil \u00e9 um transtorno<\/strong><\/p>\n<p style=\"text-align: justify;\">Esse transtorno pode ser ocasionado por fatores de natureza psicol\u00f3gica e emocionais, como a mudan\u00e7a de cidade, de casa, de escola, de professores, <a href=\"https:\/\/blog.psicologiaviva.com.br\/blog\/alienacao-parental\/\">separa\u00e7\u00e3o dos pais<\/a>, presenciar discuss\u00f5es em casa, ou pertencer a fam\u00edlias de altos n\u00edveis de depress\u00e3o.<\/p>\n<p style=\"text-align: justify;\">A quantidade e variedade dessas experi\u00eancias vivenciadas formam um conjunto de fatores de risco para o desenvolvimento do transtorno. Os sintomas depressivos mudam conforme a idade da crian\u00e7a.<\/p>\n<p style=\"text-align: justify;\">Crian\u00e7as de zero a dois anos podem apresentar recusa de alimentos, desenvolvimento tardio, altera\u00e7\u00f5es no desenvolvimento psicomotor, na linguagem e problemas de sono.<\/p>\n<p style=\"text-align: justify;\">Se o\u00a0sono\u00a0da crian\u00e7a \u00e9 interrompido por pesadelos e ela come\u00e7a a ter medo de ficar sozinha na hora de dormir \u00e9 importante prestar aten\u00e7\u00e3o, pois o padr\u00e3o do sono muda nos quadros depressivos.<\/p>\n<p style=\"text-align: justify;\">Outros sintomas frequentes do transtorno depressivo infantil s\u00e3o a autocr\u00edtica elevada, sentimentos de inferioridade e o comportamento agressivo.<\/p>\n<p style=\"text-align: justify;\">A agressividade e irritabilidade s\u00e3o percebidas com maior frequ\u00eancia nos meninos. Tanto a escola quanto a fam\u00edlia podem contribuir para a depress\u00e3o infantil. Problemas de relacionamento com professores e colegas, rejei\u00e7\u00e3o por parte dos amigos, assim como o afastamento de um dos pais do conv\u00edvio da crian\u00e7a tamb\u00e9m podem influenciar no quadro depressivo.<\/p>\n<p style=\"text-align: justify;\">\u00a0Crian\u00e7a cala, se retra\u00edda muitas vezes s\u00e3o vistas como crian\u00e7a boazinha, por isso os pais demoram a perceber que o filho precisa de ajuda.<\/p>\n<p style=\"text-align: justify;\">Quando os pais percebem uma mudan\u00e7a significativa no comportamento do filho, como chorar constantemente, perder peso sem raz\u00e3o aparente, devem levar a crian\u00e7a em um profissional para uma avalia\u00e7\u00e3o.<\/p>\n<p style=\"text-align: justify;\">Quem realiza a psicoterapia com crian\u00e7as \u00e9 um psic\u00f3logo. Este verificar\u00e1 os sintomas e, em alguns casos, encaminhar\u00e1 para um psiquiatra com o fim de confirmar a hip\u00f3tese diagn\u00f3stica. Nesse caso o psic\u00f3logo e o psiquiatra ir\u00e3o trabalhar juntos. Quanto mais cedo for iniciado o tratamento melhor ser\u00e1 o resultado.<\/p>\n<p><img loading=\"lazy\" decoding=\"async\" class=\"alignnone size-full wp-image-48468\" src=\"https:\/\/jorgezanoni.com.br\/2019\/wp-content\/uploads\/2021\/05\/Cidinha-1-2-3.jpg\" alt=\"\" width=\"612\" height=\"1136\" srcset=\"https:\/\/jorgezanoni.com.br\/2019\/wp-content\/uploads\/2021\/05\/Cidinha-1-2-3.jpg 612w, https:\/\/jorgezanoni.com.br\/2019\/wp-content\/uploads\/2021\/05\/Cidinha-1-2-3-162x300.jpg 162w, https:\/\/jorgezanoni.com.br\/2019\/wp-content\/uploads\/2021\/05\/Cidinha-1-2-3-552x1024.jpg 552w, https:\/\/jorgezanoni.com.br\/2019\/wp-content\/uploads\/2021\/05\/Cidinha-1-2-3-226x420.jpg 226w\" sizes=\"auto, (max-width: 612px) 100vw, 612px\" \/><\/p>\n","protected":false},"excerpt":{"rendered":"<p>A depress\u00e3o infantil \u00e9 um transtorno Esse transtorno pode ser ocasionado por fatores de natureza psicol\u00f3gica e emocionais, como a mudan\u00e7a de cidade, de casa, de escola, de professores, separa\u00e7\u00e3o dos pais, presenciar discuss\u00f5es em casa, ou pertencer a fam\u00edlias de altos n\u00edveis de depress\u00e3o. A quantidade e variedade dessas experi\u00eancias vivenciadas formam um conjunto [&hellip;]<\/p>\n","protected":false},"author":1,"featured_media":48469,"comment_status":"closed","ping_status":"open","sticky":false,"template":"","format":"standard","meta":{"footnotes":""},"categories":[175],"tags":[],"class_list":["post-48467","post","type-post","status-publish","format-standard","has-post-thumbnail","hentry","category-artigos"],"_links":{"self":[{"href":"https:\/\/jorgezanoni.com.br\/2019\/wp-json\/wp\/v2\/posts\/48467","targetHints":{"allow":["GET"]}}],"collection":[{"href":"https:\/\/jorgezanoni.com.br\/2019\/wp-json\/wp\/v2\/posts"}],"about":[{"href":"https:\/\/jorgezanoni.com.br\/2019\/wp-json\/wp\/v2\/types\/post"}],"author":[{"embeddable":true,"href":"https:\/\/jorgezanoni.com.br\/2019\/wp-json\/wp\/v2\/users\/1"}],"replies":[{"embeddable":true,"href":"https:\/\/jorgezanoni.com.br\/2019\/wp-json\/wp\/v2\/comments?post=48467"}],"version-history":[{"count":0,"href":"https:\/\/jorgezanoni.com.br\/2019\/wp-json\/wp\/v2\/posts\/48467\/revisions"}],"wp:featuredmedia":[{"embeddable":true,"href":"https:\/\/jorgezanoni.com.br\/2019\/wp-json\/wp\/v2\/media\/48469"}],"wp:attachment":[{"href":"https:\/\/jorgezanoni.com.br\/2019\/wp-json\/wp\/v2\/media?parent=48467"}],"wp:term":[{"taxonomy":"category","embeddable":true,"href":"https:\/\/jorgezanoni.com.br\/2019\/wp-json\/wp\/v2\/categories?post=48467"},{"taxonomy":"post_tag","embeddable":true,"href":"https:\/\/jorgezanoni.com.br\/2019\/wp-json\/wp\/v2\/tags?post=48467"}],"curies":[{"name":"wp","href":"https:\/\/api.w.org\/{rel}","templated":true}]}}