{"id":48450,"date":"2021-05-27T19:45:40","date_gmt":"2021-05-27T19:45:40","guid":{"rendered":"https:\/\/jorgezanoni.com.br\/2019\/?p=48450"},"modified":"2021-05-27T19:45:40","modified_gmt":"2021-05-27T19:45:40","slug":"onibus-desgovernado-atinge-dois-veiculos-no-centro-de-dracena","status":"publish","type":"post","link":"https:\/\/jorgezanoni.com.br\/2019\/onibus-desgovernado-atinge-dois-veiculos-no-centro-de-dracena\/","title":{"rendered":"\u00d4nibus desgovernado atinge dois ve\u00edculos no centro de Dracena"},"content":{"rendered":"<p style=\"text-align: justify;\"><strong>\u00d4nibus teria perdido o freio sem o motorista e atingido dois ve\u00edculos que estavam estacionados em frente ao AME.<\/strong><\/p>\n<p>Na tarde desta quinta-feira (27), foi registrado um acidente envolvendo um \u00d4nibus placas de Monte Castelo e dois ve\u00edculos que estavam estacionados.<\/p>\n<p style=\"text-align: justify;\">Segundo informa\u00e7\u00f5es obtidas pela reportagem do Site JZ, o \u00d4nibus que estava estacionado, teria perdido os freios, descido e atingido dois carros Placas de Dracena, que tamb\u00e9m estavam parados, al\u00e9m de uma placa de sinaliza\u00e7\u00e3o. Nos ve\u00edculos tamb\u00e9m n\u00e3o tinha nenhuma pessoa dentro.<\/p>\n<p>O acidente foi na Rua Ipiranga, pr\u00f3ximo da esquina com a Rua Thom\u00e9 de Souza, em frente ao AME.<\/p>\n<p><img loading=\"lazy\" decoding=\"async\" class=\"alignnone size-full wp-image-48451\" src=\"https:\/\/jorgezanoni.com.br\/2019\/wp-content\/uploads\/2021\/05\/ame-2.jpg\" alt=\"\" width=\"919\" height=\"485\" srcset=\"https:\/\/jorgezanoni.com.br\/2019\/wp-content\/uploads\/2021\/05\/ame-2.jpg 919w, https:\/\/jorgezanoni.com.br\/2019\/wp-content\/uploads\/2021\/05\/ame-2-300x158.jpg 300w, https:\/\/jorgezanoni.com.br\/2019\/wp-content\/uploads\/2021\/05\/ame-2-768x405.jpg 768w, https:\/\/jorgezanoni.com.br\/2019\/wp-content\/uploads\/2021\/05\/ame-2-696x367.jpg 696w, https:\/\/jorgezanoni.com.br\/2019\/wp-content\/uploads\/2021\/05\/ame-2-796x420.jpg 796w\" sizes=\"auto, (max-width: 919px) 100vw, 919px\" \/> <img loading=\"lazy\" decoding=\"async\" class=\"alignnone size-full wp-image-48452\" src=\"https:\/\/jorgezanoni.com.br\/2019\/wp-content\/uploads\/2021\/05\/ame1-2.jpg\" alt=\"\" width=\"780\" height=\"709\" srcset=\"https:\/\/jorgezanoni.com.br\/2019\/wp-content\/uploads\/2021\/05\/ame1-2.jpg 780w, https:\/\/jorgezanoni.com.br\/2019\/wp-content\/uploads\/2021\/05\/ame1-2-300x273.jpg 300w, https:\/\/jorgezanoni.com.br\/2019\/wp-content\/uploads\/2021\/05\/ame1-2-768x698.jpg 768w, https:\/\/jorgezanoni.com.br\/2019\/wp-content\/uploads\/2021\/05\/ame1-2-696x633.jpg 696w, https:\/\/jorgezanoni.com.br\/2019\/wp-content\/uploads\/2021\/05\/ame1-2-462x420.jpg 462w\" sizes=\"auto, (max-width: 780px) 100vw, 780px\" \/><\/p>\n<p>Jorge Zanoni<\/p>\n<p>Fotos e Internauta<\/p>\n<p>&nbsp;<\/p>\n<p>&nbsp;<\/p>\n<p>&nbsp;<\/p>\n","protected":false},"excerpt":{"rendered":"<p>\u00d4nibus teria perdido o freio sem o motorista e atingido dois ve\u00edculos que estavam estacionados em frente ao AME. Na tarde desta quinta-feira (27), foi registrado um acidente envolvendo um \u00d4nibus placas de Monte Castelo e dois ve\u00edculos que estavam estacionados. Segundo informa\u00e7\u00f5es obtidas pela reportagem do Site JZ, o \u00d4nibus que estava estacionado, teria [&hellip;]<\/p>\n","protected":false},"author":1,"featured_media":48453,"comment_status":"closed","ping_status":"open","sticky":false,"template":"","format":"standard","meta":{"footnotes":""},"categories":[170,110],"tags":[],"class_list":["post-48450","post","type-post","status-publish","format-standard","has-post-thumbnail","hentry","category-acidentes","category-noticiasdestaque"],"_links":{"self":[{"href":"https:\/\/jorgezanoni.com.br\/2019\/wp-json\/wp\/v2\/posts\/48450","targetHints":{"allow":["GET"]}}],"collection":[{"href":"https:\/\/jorgezanoni.com.br\/2019\/wp-json\/wp\/v2\/posts"}],"about":[{"href":"https:\/\/jorgezanoni.com.br\/2019\/wp-json\/wp\/v2\/types\/post"}],"author":[{"embeddable":true,"href":"https:\/\/jorgezanoni.com.br\/2019\/wp-json\/wp\/v2\/users\/1"}],"replies":[{"embeddable":true,"href":"https:\/\/jorgezanoni.com.br\/2019\/wp-json\/wp\/v2\/comments?post=48450"}],"version-history":[{"count":0,"href":"https:\/\/jorgezanoni.com.br\/2019\/wp-json\/wp\/v2\/posts\/48450\/revisions"}],"wp:featuredmedia":[{"embeddable":true,"href":"https:\/\/jorgezanoni.com.br\/2019\/wp-json\/wp\/v2\/media\/48453"}],"wp:attachment":[{"href":"https:\/\/jorgezanoni.com.br\/2019\/wp-json\/wp\/v2\/media?parent=48450"}],"wp:term":[{"taxonomy":"category","embeddable":true,"href":"https:\/\/jorgezanoni.com.br\/2019\/wp-json\/wp\/v2\/categories?post=48450"},{"taxonomy":"post_tag","embeddable":true,"href":"https:\/\/jorgezanoni.com.br\/2019\/wp-json\/wp\/v2\/tags?post=48450"}],"curies":[{"name":"wp","href":"https:\/\/api.w.org\/{rel}","templated":true}]}}