{"id":48443,"date":"2021-05-27T18:54:58","date_gmt":"2021-05-27T18:54:58","guid":{"rendered":"https:\/\/jorgezanoni.com.br\/2019\/?p=48443"},"modified":"2021-05-27T18:54:59","modified_gmt":"2021-05-27T18:54:59","slug":"policia-civil-realiza-cumprimento-de-mandados-de-buscas-e-apreensao-em-dracena-e-tupi-paulista","status":"publish","type":"post","link":"https:\/\/jorgezanoni.com.br\/2019\/policia-civil-realiza-cumprimento-de-mandados-de-buscas-e-apreensao-em-dracena-e-tupi-paulista\/","title":{"rendered":"Pol\u00edcia Civil realiza cumprimento de mandados de buscas e apreens\u00e3o em Dracena e Tupi Paulista"},"content":{"rendered":"<p style=\"text-align: justify;\"><strong>Drogas, arma de fogo, dinheiro e celulares foram apreendidos. E tr\u00eas homens foram presos em flagrantes.<\/strong><\/p>\n<p style=\"text-align: justify;\">A Pol\u00edcia Civil, por interm\u00e9dio das Unidades Especializadas (Delegacia de Investiga\u00e7\u00f5es Gerais e Delegacia de Investiga\u00e7\u00e3o Sobre Entorpecentes) de Dracena e a Delegacia de Pol\u00edcia de Tupi Paulista, contando ainda com o apoio operacional do Grupo de Opera\u00e7\u00f5es Especiais &#8211; GOE, cumpriu nesta quinta-feira (27), cinco mandados de busca e apreens\u00e3o em endere\u00e7os relacionados a pessoas suspeitas de envolvimento com o crime de tr\u00e1fico de drogas. Foram cumpridos tr\u00eas mandados em Dracena e dois na cidade de Tupi Paulista.<\/p>\n<p style=\"text-align: justify;\">A a\u00e7\u00e3o resultou na pris\u00e3o em flagrantes de dois homens, de 25 e 32 anos, pelo crime de tr\u00e1fico de drogas, e na pris\u00e3o de outro homem, de 59 anos, por posse irregular de arma de fogo. Todos os envolvidos presos eram residentes na cidade de Tupi Paulista.<\/p>\n<p style=\"text-align: justify;\">Os agentes tamb\u00e9m apreenderam drogas, dinheiro e celulares. As investiga\u00e7\u00f5es iniciais foram compartilhadas entre as Unidades Policiais envolvidas, que solicitaram em suas respectivas comarcas os mandados de busca e apreens\u00e3o domiciliar em desfavor das pessoas investigadas.<\/p>\n<p style=\"text-align: justify;\">Os dois homens de 25 e 39 anos, presos por tr\u00e1fico de drogas permaneceram custodiados, e \u00e0 disposi\u00e7\u00e3o da Justi\u00e7a, aguardando audi\u00eancia de cust\u00f3dia. J\u00e1 o homem, de 59 anos, preso pela posse irregular da arma de fogo, ap\u00f3s pagamento de fian\u00e7a criminal, foi liberado.<\/p>\n<p><img loading=\"lazy\" decoding=\"async\" class=\"alignnone size-full wp-image-48444\" src=\"https:\/\/jorgezanoni.com.br\/2019\/wp-content\/uploads\/2021\/05\/Po.jpg\" alt=\"\" width=\"955\" height=\"650\" srcset=\"https:\/\/jorgezanoni.com.br\/2019\/wp-content\/uploads\/2021\/05\/Po.jpg 955w, https:\/\/jorgezanoni.com.br\/2019\/wp-content\/uploads\/2021\/05\/Po-300x204.jpg 300w, https:\/\/jorgezanoni.com.br\/2019\/wp-content\/uploads\/2021\/05\/Po-768x523.jpg 768w, https:\/\/jorgezanoni.com.br\/2019\/wp-content\/uploads\/2021\/05\/Po-696x474.jpg 696w, https:\/\/jorgezanoni.com.br\/2019\/wp-content\/uploads\/2021\/05\/Po-617x420.jpg 617w\" sizes=\"auto, (max-width: 955px) 100vw, 955px\" \/> <img loading=\"lazy\" decoding=\"async\" class=\"alignnone size-full wp-image-48445\" src=\"https:\/\/jorgezanoni.com.br\/2019\/wp-content\/uploads\/2021\/05\/Po1.jpg\" alt=\"\" width=\"1156\" height=\"650\" srcset=\"https:\/\/jorgezanoni.com.br\/2019\/wp-content\/uploads\/2021\/05\/Po1.jpg 1156w, https:\/\/jorgezanoni.com.br\/2019\/wp-content\/uploads\/2021\/05\/Po1-300x169.jpg 300w, https:\/\/jorgezanoni.com.br\/2019\/wp-content\/uploads\/2021\/05\/Po1-1024x576.jpg 1024w, https:\/\/jorgezanoni.com.br\/2019\/wp-content\/uploads\/2021\/05\/Po1-768x432.jpg 768w, https:\/\/jorgezanoni.com.br\/2019\/wp-content\/uploads\/2021\/05\/Po1-696x391.jpg 696w, https:\/\/jorgezanoni.com.br\/2019\/wp-content\/uploads\/2021\/05\/Po1-1068x601.jpg 1068w, https:\/\/jorgezanoni.com.br\/2019\/wp-content\/uploads\/2021\/05\/Po1-747x420.jpg 747w\" sizes=\"auto, (max-width: 1156px) 100vw, 1156px\" \/>Fonte: Com. Social Policia Civil<\/p>\n","protected":false},"excerpt":{"rendered":"<p>Drogas, arma de fogo, dinheiro e celulares foram apreendidos. E tr\u00eas homens foram presos em flagrantes. A Pol\u00edcia Civil, por interm\u00e9dio das Unidades Especializadas (Delegacia de Investiga\u00e7\u00f5es Gerais e Delegacia de Investiga\u00e7\u00e3o Sobre Entorpecentes) de Dracena e a Delegacia de Pol\u00edcia de Tupi Paulista, contando ainda com o apoio operacional do Grupo de Opera\u00e7\u00f5es Especiais [&hellip;]<\/p>\n","protected":false},"author":1,"featured_media":48446,"comment_status":"closed","ping_status":"open","sticky":false,"template":"","format":"standard","meta":{"footnotes":""},"categories":[110,2],"tags":[],"class_list":["post-48443","post","type-post","status-publish","format-standard","has-post-thumbnail","hentry","category-noticiasdestaque","category-policial"],"_links":{"self":[{"href":"https:\/\/jorgezanoni.com.br\/2019\/wp-json\/wp\/v2\/posts\/48443","targetHints":{"allow":["GET"]}}],"collection":[{"href":"https:\/\/jorgezanoni.com.br\/2019\/wp-json\/wp\/v2\/posts"}],"about":[{"href":"https:\/\/jorgezanoni.com.br\/2019\/wp-json\/wp\/v2\/types\/post"}],"author":[{"embeddable":true,"href":"https:\/\/jorgezanoni.com.br\/2019\/wp-json\/wp\/v2\/users\/1"}],"replies":[{"embeddable":true,"href":"https:\/\/jorgezanoni.com.br\/2019\/wp-json\/wp\/v2\/comments?post=48443"}],"version-history":[{"count":0,"href":"https:\/\/jorgezanoni.com.br\/2019\/wp-json\/wp\/v2\/posts\/48443\/revisions"}],"wp:featuredmedia":[{"embeddable":true,"href":"https:\/\/jorgezanoni.com.br\/2019\/wp-json\/wp\/v2\/media\/48446"}],"wp:attachment":[{"href":"https:\/\/jorgezanoni.com.br\/2019\/wp-json\/wp\/v2\/media?parent=48443"}],"wp:term":[{"taxonomy":"category","embeddable":true,"href":"https:\/\/jorgezanoni.com.br\/2019\/wp-json\/wp\/v2\/categories?post=48443"},{"taxonomy":"post_tag","embeddable":true,"href":"https:\/\/jorgezanoni.com.br\/2019\/wp-json\/wp\/v2\/tags?post=48443"}],"curies":[{"name":"wp","href":"https:\/\/api.w.org\/{rel}","templated":true}]}}