{"id":48435,"date":"2021-05-27T18:26:24","date_gmt":"2021-05-27T18:26:24","guid":{"rendered":"https:\/\/jorgezanoni.com.br\/2019\/?p=48435"},"modified":"2021-05-28T00:34:36","modified_gmt":"2021-05-28T00:34:36","slug":"jovem-e-encontrada-morta-dentro-de-residencia-no-conj-paulo-vendramim-ii-em-dracena","status":"publish","type":"post","link":"https:\/\/jorgezanoni.com.br\/2019\/jovem-e-encontrada-morta-dentro-de-residencia-no-conj-paulo-vendramim-ii-em-dracena\/","title":{"rendered":"Jovem \u00e9 encontrada morta dentro de resid\u00eancia no Conj. Paulo Vendramim I em Dracena"},"content":{"rendered":"<p>Amanda Heloisa Pereira Durante de 20 anos, foi encontrada pelo pr\u00f3prio pai morta em sua resid\u00eancia, na Rua Antonio Pagnozzi,\u00a0 no Conjunto Paulo Vendramim II em Dracena.<\/p>\n<p>Segundo o pr\u00f3prio pai disse \u00e0 reportagem do Site JZ, ela estava bem ontem \u00e0 noite e hoje a hora que ele saiu para o trabalho a deixou dormindo.<\/p>\n<p style=\"text-align: justify;\">As Pol\u00edcias Militar e T\u00e9cnica estiveram no local para os levantamentos necess\u00e1rios e a Funer\u00e1ria Vida Prev providenciou a remo\u00e7\u00e3o do Corpo.<\/p>\n<p style=\"text-align: justify;\">O Site JZ se solidariza com a fam\u00edlia neste dif\u00edcil momento.<\/p>\n<p>Jorge Zanoni<\/p>\n<p>Foto Redes Sociais<\/p>\n<p><img loading=\"lazy\" decoding=\"async\" class=\"alignnone size-full wp-image-48465\" src=\"https:\/\/jorgezanoni.com.br\/2019\/wp-content\/uploads\/2021\/05\/Amanda.jpg\" alt=\"\" width=\"1280\" height=\"1279\" srcset=\"https:\/\/jorgezanoni.com.br\/2019\/wp-content\/uploads\/2021\/05\/Amanda.jpg 1280w, https:\/\/jorgezanoni.com.br\/2019\/wp-content\/uploads\/2021\/05\/Amanda-300x300.jpg 300w, https:\/\/jorgezanoni.com.br\/2019\/wp-content\/uploads\/2021\/05\/Amanda-1024x1024.jpg 1024w, https:\/\/jorgezanoni.com.br\/2019\/wp-content\/uploads\/2021\/05\/Amanda-150x150.jpg 150w, https:\/\/jorgezanoni.com.br\/2019\/wp-content\/uploads\/2021\/05\/Amanda-768x767.jpg 768w, https:\/\/jorgezanoni.com.br\/2019\/wp-content\/uploads\/2021\/05\/Amanda-696x695.jpg 696w, https:\/\/jorgezanoni.com.br\/2019\/wp-content\/uploads\/2021\/05\/Amanda-1068x1067.jpg 1068w, https:\/\/jorgezanoni.com.br\/2019\/wp-content\/uploads\/2021\/05\/Amanda-420x420.jpg 420w\" sizes=\"auto, (max-width: 1280px) 100vw, 1280px\" \/><\/p>\n<p>&nbsp;<\/p>\n","protected":false},"excerpt":{"rendered":"<p>Amanda Heloisa Pereira Durante de 20 anos, foi encontrada pelo pr\u00f3prio pai morta em sua resid\u00eancia, na Rua Antonio Pagnozzi,\u00a0 no Conjunto Paulo Vendramim II em Dracena. Segundo o pr\u00f3prio pai disse \u00e0 reportagem do Site JZ, ela estava bem ontem \u00e0 noite e hoje a hora que ele saiu para o trabalho a deixou [&hellip;]<\/p>\n","protected":false},"author":1,"featured_media":48437,"comment_status":"closed","ping_status":"open","sticky":false,"template":"","format":"standard","meta":{"footnotes":""},"categories":[178,110],"tags":[],"class_list":["post-48435","post","type-post","status-publish","format-standard","has-post-thumbnail","hentry","category-notadefalecimento","category-noticiasdestaque"],"_links":{"self":[{"href":"https:\/\/jorgezanoni.com.br\/2019\/wp-json\/wp\/v2\/posts\/48435","targetHints":{"allow":["GET"]}}],"collection":[{"href":"https:\/\/jorgezanoni.com.br\/2019\/wp-json\/wp\/v2\/posts"}],"about":[{"href":"https:\/\/jorgezanoni.com.br\/2019\/wp-json\/wp\/v2\/types\/post"}],"author":[{"embeddable":true,"href":"https:\/\/jorgezanoni.com.br\/2019\/wp-json\/wp\/v2\/users\/1"}],"replies":[{"embeddable":true,"href":"https:\/\/jorgezanoni.com.br\/2019\/wp-json\/wp\/v2\/comments?post=48435"}],"version-history":[{"count":0,"href":"https:\/\/jorgezanoni.com.br\/2019\/wp-json\/wp\/v2\/posts\/48435\/revisions"}],"wp:featuredmedia":[{"embeddable":true,"href":"https:\/\/jorgezanoni.com.br\/2019\/wp-json\/wp\/v2\/media\/48437"}],"wp:attachment":[{"href":"https:\/\/jorgezanoni.com.br\/2019\/wp-json\/wp\/v2\/media?parent=48435"}],"wp:term":[{"taxonomy":"category","embeddable":true,"href":"https:\/\/jorgezanoni.com.br\/2019\/wp-json\/wp\/v2\/categories?post=48435"},{"taxonomy":"post_tag","embeddable":true,"href":"https:\/\/jorgezanoni.com.br\/2019\/wp-json\/wp\/v2\/tags?post=48435"}],"curies":[{"name":"wp","href":"https:\/\/api.w.org\/{rel}","templated":true}]}}