{"id":48419,"date":"2021-05-27T02:46:54","date_gmt":"2021-05-27T02:46:54","guid":{"rendered":"https:\/\/jorgezanoni.com.br\/2019\/?p=48419"},"modified":"2021-05-27T11:37:32","modified_gmt":"2021-05-27T11:37:32","slug":"morre-domingos-prates-o-conhecido-domingao","status":"publish","type":"post","link":"https:\/\/jorgezanoni.com.br\/2019\/morre-domingos-prates-o-conhecido-domingao\/","title":{"rendered":"Morre Domingos Prates, o conhecido Doming\u00e3o"},"content":{"rendered":"<p>Comunicamos com pesar o falecimento de Domingos Prates do Nascimento de 65 anos. Foi Presidente da Associa\u00e7\u00e3o Pr\u00f3-Moradia, entidade constitu\u00edda para a constru\u00e7\u00e3o de 328 casas do conjunto habitacional Dorival Inoc\u00eancio, no bairro Jardim Brasil\u00e2ndia.<\/p>\n<p>Deixa esposa, filhos, neta, irm\u00e3os, demais familiares e amigos.<\/p>\n<p style=\"text-align: justify;\">O Corpo est\u00e1 sendo velado no Vel\u00f3rio da Mutu\u00e1ria Dracenense e o Sepultamento ocorre hoje (27) \u00e0s 13:00 Horas no Cemit\u00e9rio de Dracena.<\/p>\n<p>Jorge Zanoni<\/p>\n<p><img loading=\"lazy\" decoding=\"async\" class=\"alignnone size-full wp-image-48423\" src=\"https:\/\/jorgezanoni.com.br\/2019\/wp-content\/uploads\/2021\/05\/Domingos.jpg\" alt=\"\" width=\"430\" height=\"403\" srcset=\"https:\/\/jorgezanoni.com.br\/2019\/wp-content\/uploads\/2021\/05\/Domingos.jpg 430w, https:\/\/jorgezanoni.com.br\/2019\/wp-content\/uploads\/2021\/05\/Domingos-300x281.jpg 300w\" sizes=\"auto, (max-width: 430px) 100vw, 430px\" \/><\/p>\n<p>&nbsp;<\/p>\n","protected":false},"excerpt":{"rendered":"<p>Comunicamos com pesar o falecimento de Domingos Prates do Nascimento de 65 anos. Foi Presidente da Associa\u00e7\u00e3o Pr\u00f3-Moradia, entidade constitu\u00edda para a constru\u00e7\u00e3o de 328 casas do conjunto habitacional Dorival Inoc\u00eancio, no bairro Jardim Brasil\u00e2ndia. Deixa esposa, filhos, neta, irm\u00e3os, demais familiares e amigos. O Corpo est\u00e1 sendo velado no Vel\u00f3rio da Mutu\u00e1ria Dracenense e [&hellip;]<\/p>\n","protected":false},"author":1,"featured_media":48420,"comment_status":"closed","ping_status":"open","sticky":false,"template":"","format":"standard","meta":{"footnotes":""},"categories":[178,110],"tags":[],"class_list":["post-48419","post","type-post","status-publish","format-standard","has-post-thumbnail","hentry","category-notadefalecimento","category-noticiasdestaque"],"_links":{"self":[{"href":"https:\/\/jorgezanoni.com.br\/2019\/wp-json\/wp\/v2\/posts\/48419","targetHints":{"allow":["GET"]}}],"collection":[{"href":"https:\/\/jorgezanoni.com.br\/2019\/wp-json\/wp\/v2\/posts"}],"about":[{"href":"https:\/\/jorgezanoni.com.br\/2019\/wp-json\/wp\/v2\/types\/post"}],"author":[{"embeddable":true,"href":"https:\/\/jorgezanoni.com.br\/2019\/wp-json\/wp\/v2\/users\/1"}],"replies":[{"embeddable":true,"href":"https:\/\/jorgezanoni.com.br\/2019\/wp-json\/wp\/v2\/comments?post=48419"}],"version-history":[{"count":0,"href":"https:\/\/jorgezanoni.com.br\/2019\/wp-json\/wp\/v2\/posts\/48419\/revisions"}],"wp:featuredmedia":[{"embeddable":true,"href":"https:\/\/jorgezanoni.com.br\/2019\/wp-json\/wp\/v2\/media\/48420"}],"wp:attachment":[{"href":"https:\/\/jorgezanoni.com.br\/2019\/wp-json\/wp\/v2\/media?parent=48419"}],"wp:term":[{"taxonomy":"category","embeddable":true,"href":"https:\/\/jorgezanoni.com.br\/2019\/wp-json\/wp\/v2\/categories?post=48419"},{"taxonomy":"post_tag","embeddable":true,"href":"https:\/\/jorgezanoni.com.br\/2019\/wp-json\/wp\/v2\/tags?post=48419"}],"curies":[{"name":"wp","href":"https:\/\/api.w.org\/{rel}","templated":true}]}}