{"id":4841,"date":"2019-08-29T00:32:10","date_gmt":"2019-08-29T00:32:10","guid":{"rendered":"https:\/\/jorgezanoni.com.br\/2019\/?p=4841"},"modified":"2019-08-29T00:32:10","modified_gmt":"2019-08-29T00:32:10","slug":"mae-depara-se-com-bebe-com-labios-roxos-durante-a-madrugada-crianca-e-socorrida-mas-morre","status":"publish","type":"post","link":"https:\/\/jorgezanoni.com.br\/2019\/mae-depara-se-com-bebe-com-labios-roxos-durante-a-madrugada-crianca-e-socorrida-mas-morre\/","title":{"rendered":"M\u00e3e depara-se com beb\u00ea com l\u00e1bios roxos durante a madrugada, crian\u00e7a \u00e9 socorrida, mas morre"},"content":{"rendered":"<h2 class=\"content-head__subtitle\" style=\"text-align: justify;\"><strong>Pol\u00edcia Civil trata o caso como morte suspeita, em S\u00e3o Jo\u00e3o do Pau d\u2019Alho, e aguarda laudo do Instituto M\u00e9dico Legal (IML).<\/strong><\/h2>\n<div class=\"mc-column content-text active-extra-styles active-capital-letter\" style=\"text-align: justify;\" data-block-type=\"unstyled\" data-block-weight=\"31\" data-block-id=\"1\">\n<p class=\"content-text__container theme-color-primary-first-letter\" data-track-category=\"Link no Texto\" data-track-links=\"\">A Pol\u00edcia Civil est\u00e1 tratando como morte suspeita o caso de um beb\u00ea, de dois meses de idade, que morreu na manh\u00e3 desta quarta-feira (28), em\u00a0<a href=\"https:\/\/g1.globo.com\/sp\/presidente-prudente-regiao\/cidade\/sao-joao-do-pau-dalho\/\">S\u00e3o Jo\u00e3o do Pau d&#8217;Alho<\/a>.<\/p>\n<\/div>\n<div class=\"wall protected-content\">\n<div class=\"mc-column content-text active-extra-styles \" style=\"text-align: justify;\" data-block-type=\"unstyled\" data-block-weight=\"32\" data-block-id=\"2\">\n<p class=\"content-text__container \" data-track-category=\"Link no Texto\" data-track-links=\"\">Segundo as informa\u00e7\u00f5es da Pol\u00edcia Civil, por volta das 3h, como de costume, a m\u00e3e foi ver como a crian\u00e7a estava e acabou encontrando o beb\u00ea no carrinho com os l\u00e1bios roxos.<\/p>\n<\/div>\n<div class=\"mc-column content-text active-extra-styles \" style=\"text-align: justify;\" data-block-type=\"unstyled\" data-block-weight=\"28\" data-block-id=\"3\">\n<p class=\"content-text__container \" data-track-category=\"Link no Texto\" data-track-links=\"\">Ela acionou a Pol\u00edcia Militar e informou que havia amamentado a crian\u00e7a cerca de tr\u00eas horas antes e, em seguida, a colocado para dormir, um procedimento de rotina.<\/p>\n<\/div>\n<div class=\"mc-column content-text active-extra-styles \" style=\"text-align: justify;\" data-block-type=\"unstyled\" data-block-weight=\"28\" data-block-id=\"4\">\n<p class=\"content-text__container \" data-track-category=\"Link no Texto\" data-track-links=\"\">O beb\u00ea foi socorrido no local pelo Corpo de Bombeiros com parada cardiorrespirat\u00f3ria. Em seguida, foi encaminhado para o Pronto-socorro de Tupi Paulista, onde a crian\u00e7a n\u00e3o resistiu.<\/p>\n<\/div>\n<div class=\"mc-column content-text active-extra-styles \" style=\"text-align: justify;\" data-block-type=\"unstyled\" data-block-weight=\"17\" data-block-id=\"5\">\n<p class=\"content-text__container \" data-track-category=\"Link no Texto\" data-track-links=\"\">A Pol\u00edcia Civil aguarda o laudo do Instituto M\u00e9dico Legal (IML) que apontar\u00e1 as causas do \u00f3bito.<\/p>\n<\/div>\n<div data-track-category=\"multicontent\" data-track-action=\"ultimo chunk conteudo\" data-track-noninteraction=\"false\" data-track-scroll=\"view\">\n<div class=\"mc-column content-text active-extra-styles \" data-block-type=\"unstyled\" data-block-weight=\"16\" data-block-id=\"6\">\n<p class=\"content-text__container \" style=\"text-align: justify;\" data-track-category=\"Link no Texto\" data-track-links=\"\">Segundo a pol\u00edcia, existe a suspeita de que a crian\u00e7a possa ter sido v\u00edtima de engasgamento.<\/p>\n<p style=\"text-align: justify;\" data-track-category=\"Link no Texto\" data-track-links=\"\">Fonte: G1<\/p>\n<\/div>\n<\/div>\n<\/div>\n","protected":false},"excerpt":{"rendered":"<p>Pol\u00edcia Civil trata o caso como morte suspeita, em S\u00e3o Jo\u00e3o do Pau d\u2019Alho, e aguarda laudo do Instituto M\u00e9dico Legal (IML). A Pol\u00edcia Civil est\u00e1 tratando como morte suspeita o caso de um beb\u00ea, de dois meses de idade, que morreu na manh\u00e3 desta quarta-feira (28), em\u00a0S\u00e3o Jo\u00e3o do Pau d&#8217;Alho. Segundo as informa\u00e7\u00f5es [&hellip;]<\/p>\n","protected":false},"author":1,"featured_media":4842,"comment_status":"closed","ping_status":"open","sticky":false,"template":"","format":"standard","meta":{"footnotes":""},"categories":[110,2],"tags":[],"class_list":["post-4841","post","type-post","status-publish","format-standard","has-post-thumbnail","hentry","category-noticiasdestaque","category-policial"],"_links":{"self":[{"href":"https:\/\/jorgezanoni.com.br\/2019\/wp-json\/wp\/v2\/posts\/4841","targetHints":{"allow":["GET"]}}],"collection":[{"href":"https:\/\/jorgezanoni.com.br\/2019\/wp-json\/wp\/v2\/posts"}],"about":[{"href":"https:\/\/jorgezanoni.com.br\/2019\/wp-json\/wp\/v2\/types\/post"}],"author":[{"embeddable":true,"href":"https:\/\/jorgezanoni.com.br\/2019\/wp-json\/wp\/v2\/users\/1"}],"replies":[{"embeddable":true,"href":"https:\/\/jorgezanoni.com.br\/2019\/wp-json\/wp\/v2\/comments?post=4841"}],"version-history":[{"count":0,"href":"https:\/\/jorgezanoni.com.br\/2019\/wp-json\/wp\/v2\/posts\/4841\/revisions"}],"wp:featuredmedia":[{"embeddable":true,"href":"https:\/\/jorgezanoni.com.br\/2019\/wp-json\/wp\/v2\/media\/4842"}],"wp:attachment":[{"href":"https:\/\/jorgezanoni.com.br\/2019\/wp-json\/wp\/v2\/media?parent=4841"}],"wp:term":[{"taxonomy":"category","embeddable":true,"href":"https:\/\/jorgezanoni.com.br\/2019\/wp-json\/wp\/v2\/categories?post=4841"},{"taxonomy":"post_tag","embeddable":true,"href":"https:\/\/jorgezanoni.com.br\/2019\/wp-json\/wp\/v2\/tags?post=4841"}],"curies":[{"name":"wp","href":"https:\/\/api.w.org\/{rel}","templated":true}]}}