{"id":48405,"date":"2021-05-26T21:34:46","date_gmt":"2021-05-26T21:34:46","guid":{"rendered":"https:\/\/jorgezanoni.com.br\/2019\/?p=48405"},"modified":"2021-05-26T21:34:46","modified_gmt":"2021-05-26T21:34:46","slug":"prevencao-as-drogas-policia-civil-participa-de-aula-online-com-alunos-do-curso-de-psicologia-em-dracena","status":"publish","type":"post","link":"https:\/\/jorgezanoni.com.br\/2019\/prevencao-as-drogas-policia-civil-participa-de-aula-online-com-alunos-do-curso-de-psicologia-em-dracena\/","title":{"rendered":"PREVEN\u00c7\u00c3O \u00c1S DROGAS: Pol\u00edcia Civil participa de aula online com alunos do Curso de Psicologia em Dracena"},"content":{"rendered":"<p style=\"text-align: justify;\">Uma plataforma virtual foi utilizada para apresentar a palestra sobre preven\u00e7\u00e3o ao uso nocivo de drogas. O tema faz parte da grade curricular da disciplina \u201cBases Biol\u00f3gicas do Comportamento\u201d, no curso.<\/p>\n<p style=\"text-align: justify;\">A Pol\u00edcia Civil, por interm\u00e9dio da Delegacia Seccional de Pol\u00edcia de Dracena, participou nesta ter\u00e7a-feira (25), de evento virtual ministrando palestra sobre a preven\u00e7\u00e3o ao uso nocivo de drogas, para os alunos do curso de psicologia, da Faculdade Unifadra de Dracena. O tema fez parte da grade curricular da disciplina \u201cBases Biol\u00f3gicas do Comportamento\u201d.<\/p>\n<p style=\"text-align: justify;\">A abertura da aula ficou a cargo do Prof. Luiz Gustavo, que \u00e9 o titular da disciplina e, a apresenta\u00e7\u00e3o virtual foi feita pelo policial civil Reginaldo Rosa, que transmitiu informa\u00e7\u00f5es sobre as consequ\u00eancias do resultado sobre o uso nocivo de drogas no corpo humano, o perigo da experimenta\u00e7\u00e3o precoce, al\u00e9m de citar os diferentes tipos de drogas existentes. A explana\u00e7\u00e3o tamb\u00e9m teve foco nas drogas licitas, como o tabaco e o \u00e1lcool.<\/p>\n<p style=\"text-align: justify;\">O policial civil ressaltou ainda sobre a import\u00e2ncia da atua\u00e7\u00e3o do profissional de psicologia no trabalho preventivo e no tratamento dos dependentes qu\u00edmicos, visto que a depend\u00eancia qu\u00edmica \u00e9 considerada uma doen\u00e7a cr\u00f4nica, que pode ser tratada.<\/p>\n<p style=\"text-align: justify;\">No final da palestra, os alunos participaram atrav\u00e9s perguntas e esclarecimento de d\u00favidas. E a Pol\u00edcia Civil recebeu um agradecimento especial.<\/p>\n<p><img loading=\"lazy\" decoding=\"async\" class=\"alignnone size-full wp-image-48406\" src=\"https:\/\/jorgezanoni.com.br\/2019\/wp-content\/uploads\/2021\/05\/civil.jpg\" alt=\"\" width=\"1280\" height=\"721\" srcset=\"https:\/\/jorgezanoni.com.br\/2019\/wp-content\/uploads\/2021\/05\/civil.jpg 1280w, https:\/\/jorgezanoni.com.br\/2019\/wp-content\/uploads\/2021\/05\/civil-300x169.jpg 300w, https:\/\/jorgezanoni.com.br\/2019\/wp-content\/uploads\/2021\/05\/civil-1024x577.jpg 1024w, https:\/\/jorgezanoni.com.br\/2019\/wp-content\/uploads\/2021\/05\/civil-768x433.jpg 768w, https:\/\/jorgezanoni.com.br\/2019\/wp-content\/uploads\/2021\/05\/civil-696x392.jpg 696w, https:\/\/jorgezanoni.com.br\/2019\/wp-content\/uploads\/2021\/05\/civil-1068x602.jpg 1068w, https:\/\/jorgezanoni.com.br\/2019\/wp-content\/uploads\/2021\/05\/civil-746x420.jpg 746w\" sizes=\"auto, (max-width: 1280px) 100vw, 1280px\" \/><\/p>\n<p>&nbsp;<\/p>\n<p style=\"text-align: justify;\">Fonte: Com. Social Pol\u00edcia Civil<\/p>\n","protected":false},"excerpt":{"rendered":"<p>Uma plataforma virtual foi utilizada para apresentar a palestra sobre preven\u00e7\u00e3o ao uso nocivo de drogas. O tema faz parte da grade curricular da disciplina \u201cBases Biol\u00f3gicas do Comportamento\u201d, no curso. A Pol\u00edcia Civil, por interm\u00e9dio da Delegacia Seccional de Pol\u00edcia de Dracena, participou nesta ter\u00e7a-feira (25), de evento virtual ministrando palestra sobre a preven\u00e7\u00e3o [&hellip;]<\/p>\n","protected":false},"author":1,"featured_media":48407,"comment_status":"closed","ping_status":"open","sticky":false,"template":"","format":"standard","meta":{"footnotes":""},"categories":[110,2],"tags":[],"class_list":["post-48405","post","type-post","status-publish","format-standard","has-post-thumbnail","hentry","category-noticiasdestaque","category-policial"],"_links":{"self":[{"href":"https:\/\/jorgezanoni.com.br\/2019\/wp-json\/wp\/v2\/posts\/48405","targetHints":{"allow":["GET"]}}],"collection":[{"href":"https:\/\/jorgezanoni.com.br\/2019\/wp-json\/wp\/v2\/posts"}],"about":[{"href":"https:\/\/jorgezanoni.com.br\/2019\/wp-json\/wp\/v2\/types\/post"}],"author":[{"embeddable":true,"href":"https:\/\/jorgezanoni.com.br\/2019\/wp-json\/wp\/v2\/users\/1"}],"replies":[{"embeddable":true,"href":"https:\/\/jorgezanoni.com.br\/2019\/wp-json\/wp\/v2\/comments?post=48405"}],"version-history":[{"count":0,"href":"https:\/\/jorgezanoni.com.br\/2019\/wp-json\/wp\/v2\/posts\/48405\/revisions"}],"wp:featuredmedia":[{"embeddable":true,"href":"https:\/\/jorgezanoni.com.br\/2019\/wp-json\/wp\/v2\/media\/48407"}],"wp:attachment":[{"href":"https:\/\/jorgezanoni.com.br\/2019\/wp-json\/wp\/v2\/media?parent=48405"}],"wp:term":[{"taxonomy":"category","embeddable":true,"href":"https:\/\/jorgezanoni.com.br\/2019\/wp-json\/wp\/v2\/categories?post=48405"},{"taxonomy":"post_tag","embeddable":true,"href":"https:\/\/jorgezanoni.com.br\/2019\/wp-json\/wp\/v2\/tags?post=48405"}],"curies":[{"name":"wp","href":"https:\/\/api.w.org\/{rel}","templated":true}]}}