{"id":48357,"date":"2021-05-26T01:10:05","date_gmt":"2021-05-26T01:10:05","guid":{"rendered":"https:\/\/jorgezanoni.com.br\/2019\/?p=48357"},"modified":"2021-05-26T01:10:05","modified_gmt":"2021-05-26T01:10:05","slug":"policia-civil-prende-padrasto-suspeito-de-tentar-matar-enteado-a-facada-em-dracena","status":"publish","type":"post","link":"https:\/\/jorgezanoni.com.br\/2019\/policia-civil-prende-padrasto-suspeito-de-tentar-matar-enteado-a-facada-em-dracena\/","title":{"rendered":"Pol\u00edcia Civil prende Padrasto suspeito de tentar matar Enteado a facada em Dracena"},"content":{"rendered":"<p style=\"text-align: justify;\">O fato criminoso ocorreu no in\u00edcio no m\u00eas de maio. Na ocasi\u00e3o a v\u00edtima um jovem, 25 anos, foi encontrado ca\u00eddo, na cal\u00e7ada defronte a resid\u00eancia de sua fam\u00edlia, ensanguentado e com uma perfura\u00e7\u00e3o na regi\u00e3o do peito.<\/p>\n<p style=\"text-align: justify;\">A Pol\u00edcia Civil, por interm\u00e9dio das Unidades Agrupadas do 1\u00ba e 2\u00ba DP de Dracena, cumpriu nesta ter\u00e7a-feira (25) um mandado de pris\u00e3o preventiva em desfavor de um homem, de 53 anos, suspeito de ter esfaqueado o pr\u00f3prio enteado no \u00faltimo dia 9.<\/p>\n<p style=\"text-align: justify;\">Na ocasi\u00e3o ap\u00f3s o esfaqueamento o autor fugiu e a v\u00edtima, de 25 anos, foi socorrida por uma Unidade de Regaste, ao PAM Pronto Atendimento M\u00e9dico local, depois submetido a interven\u00e7\u00e3o cir\u00fargica na Santa Casa de Dracena, e posteriormente foi transferido a Santa Casa de Presidente Prudente onde permanece internado.<\/p>\n<p style=\"text-align: justify;\">Assim, logo ap\u00f3s o registro da ocorr\u00eancia, a Pol\u00edcia Civil iniciou as dilig\u00eancias que ficaram a cargo do setor de investiga\u00e7\u00e3o das Unidades Agrupadas. Durante os trabalhos investigativos o suspeito compareceu a unidade policial para ser ouvido e diante, dos elementos de provas j\u00e1 constitu\u00eddos o homem acabou confessando a autoria e foi indiciado por homic\u00eddio tentado. O suspeito em seu depoimento alegou que ambos, ou seja, ele e o enteado s\u00e3o dependentes qu\u00edmicos, que a confus\u00e3o teria come\u00e7ado por desaven\u00e7a relacionada ao uso de droga, e acabou esfaqueando a v\u00edtima com um \u00fanico golpe, fugindo em seguida com a faca utilizada no crime.<\/p>\n<p style=\"text-align: justify;\">A faca foi localizada e apreendida. A Autoridade Policial representou pela pris\u00e3o preventiva ao Poder Judici\u00e1rio em face do autor, tendo sido prontamente decretada. E nesta ter\u00e7a-feira (25) agentes da Pol\u00edcia Civil de Dracena efetuaram a pris\u00e3o do homem, que n\u00e3o ofereceu resist\u00eancia. Ap\u00f3s a formaliza\u00e7\u00e3o do cumprimento do mandado de pris\u00e3o, o capturado est\u00e1 a disposi\u00e7\u00e3o da Justi\u00e7a.<\/p>\n<p style=\"text-align: justify;\">Ele ir\u00e1 responder por homic\u00eddio tentado qualificado, por motivo f\u00fatil.<\/p>\n<p><img loading=\"lazy\" decoding=\"async\" class=\"alignnone size-full wp-image-48359\" src=\"https:\/\/jorgezanoni.com.br\/2019\/wp-content\/uploads\/2021\/05\/faca1.jpg\" alt=\"\" width=\"1152\" height=\"864\" srcset=\"https:\/\/jorgezanoni.com.br\/2019\/wp-content\/uploads\/2021\/05\/faca1.jpg 1152w, https:\/\/jorgezanoni.com.br\/2019\/wp-content\/uploads\/2021\/05\/faca1-300x225.jpg 300w, https:\/\/jorgezanoni.com.br\/2019\/wp-content\/uploads\/2021\/05\/faca1-1024x768.jpg 1024w, https:\/\/jorgezanoni.com.br\/2019\/wp-content\/uploads\/2021\/05\/faca1-768x576.jpg 768w, https:\/\/jorgezanoni.com.br\/2019\/wp-content\/uploads\/2021\/05\/faca1-80x60.jpg 80w, https:\/\/jorgezanoni.com.br\/2019\/wp-content\/uploads\/2021\/05\/faca1-265x198.jpg 265w, https:\/\/jorgezanoni.com.br\/2019\/wp-content\/uploads\/2021\/05\/faca1-696x522.jpg 696w, https:\/\/jorgezanoni.com.br\/2019\/wp-content\/uploads\/2021\/05\/faca1-1068x801.jpg 1068w, https:\/\/jorgezanoni.com.br\/2019\/wp-content\/uploads\/2021\/05\/faca1-560x420.jpg 560w\" sizes=\"auto, (max-width: 1152px) 100vw, 1152px\" \/><\/p>\n<p style=\"text-align: justify;\">Fonte: Com. Social Pol\u00edcia Civil<\/p>\n","protected":false},"excerpt":{"rendered":"<p>O fato criminoso ocorreu no in\u00edcio no m\u00eas de maio. Na ocasi\u00e3o a v\u00edtima um jovem, 25 anos, foi encontrado ca\u00eddo, na cal\u00e7ada defronte a resid\u00eancia de sua fam\u00edlia, ensanguentado e com uma perfura\u00e7\u00e3o na regi\u00e3o do peito. A Pol\u00edcia Civil, por interm\u00e9dio das Unidades Agrupadas do 1\u00ba e 2\u00ba DP de Dracena, cumpriu nesta [&hellip;]<\/p>\n","protected":false},"author":1,"featured_media":48358,"comment_status":"closed","ping_status":"open","sticky":false,"template":"","format":"standard","meta":{"footnotes":""},"categories":[110,2],"tags":[],"class_list":["post-48357","post","type-post","status-publish","format-standard","has-post-thumbnail","hentry","category-noticiasdestaque","category-policial"],"_links":{"self":[{"href":"https:\/\/jorgezanoni.com.br\/2019\/wp-json\/wp\/v2\/posts\/48357","targetHints":{"allow":["GET"]}}],"collection":[{"href":"https:\/\/jorgezanoni.com.br\/2019\/wp-json\/wp\/v2\/posts"}],"about":[{"href":"https:\/\/jorgezanoni.com.br\/2019\/wp-json\/wp\/v2\/types\/post"}],"author":[{"embeddable":true,"href":"https:\/\/jorgezanoni.com.br\/2019\/wp-json\/wp\/v2\/users\/1"}],"replies":[{"embeddable":true,"href":"https:\/\/jorgezanoni.com.br\/2019\/wp-json\/wp\/v2\/comments?post=48357"}],"version-history":[{"count":0,"href":"https:\/\/jorgezanoni.com.br\/2019\/wp-json\/wp\/v2\/posts\/48357\/revisions"}],"wp:featuredmedia":[{"embeddable":true,"href":"https:\/\/jorgezanoni.com.br\/2019\/wp-json\/wp\/v2\/media\/48358"}],"wp:attachment":[{"href":"https:\/\/jorgezanoni.com.br\/2019\/wp-json\/wp\/v2\/media?parent=48357"}],"wp:term":[{"taxonomy":"category","embeddable":true,"href":"https:\/\/jorgezanoni.com.br\/2019\/wp-json\/wp\/v2\/categories?post=48357"},{"taxonomy":"post_tag","embeddable":true,"href":"https:\/\/jorgezanoni.com.br\/2019\/wp-json\/wp\/v2\/tags?post=48357"}],"curies":[{"name":"wp","href":"https:\/\/api.w.org\/{rel}","templated":true}]}}