{"id":48350,"date":"2021-05-25T15:16:55","date_gmt":"2021-05-25T15:16:55","guid":{"rendered":"https:\/\/jorgezanoni.com.br\/2019\/?p=48350"},"modified":"2021-05-25T15:16:55","modified_gmt":"2021-05-25T15:16:55","slug":"capotamento-de-veiculo-deixa-tres-mulheres-feridas-em-osvaldo-cruz","status":"publish","type":"post","link":"https:\/\/jorgezanoni.com.br\/2019\/capotamento-de-veiculo-deixa-tres-mulheres-feridas-em-osvaldo-cruz\/","title":{"rendered":"Capotamento de ve\u00edculo deixa tr\u00eas mulheres feridas, em Osvaldo Cruz"},"content":{"rendered":"<p style=\"text-align: justify;\"><strong>Um capotamento foi registrado na manh\u00e3 dessa ter\u00e7a-feira (25), na Alameda Vasco Pigozzi, que liga Osvaldo Cruz a SP-294, pr\u00f3ximo ao Posto Cico.<\/strong><\/p>\n<div class=\"notice-box notice-box-no-padding\">\n<div class=\"container\">\n<div class=\"notice-content notice-content-no-padding\">\n<div class=\"notice-text\">\n<p style=\"text-align: justify;\">De acordo com as informa\u00e7\u00f5es colhidas no local, um ve\u00edculo HRV de cor Prata, com placas de Osvaldo Cruz, ocupado por tr\u00eas mulheres da mesma fam\u00edlia, sendo duas adultas e uma crian\u00e7a, capotou v\u00e1rias vezes ap\u00f3s a condutora que seguia no sentido Centro-Trevo, perder o controle de dire\u00e7\u00e3o do ve\u00edculo no momento em que passou por um degrau existente entre a faixa de rolamento e o acostamento, vindo a partar sobre a pista de caminhada existente pr\u00f3ximo ao local do acidente. Recentemente a via recebeu o trabalho de recapeamento asf\u00e1ltico.<\/p>\n<p style=\"text-align: justify;\">As ocupantes do ve\u00edculo foram socorridas pela Unidade de Resgate do Corpo de Bombeiros e uma ambul\u00e2ncia do munic\u00edpio, sendo conduzidas para a Santa Casa de Osvaldo Cruz, uma das v\u00edtimas em estado leve e as outras duas com ferimentos considerados de m\u00e9dia gravidade.<\/p>\n<p style=\"text-align: justify;\">O local segue isolado para o trabalho de Pol\u00edcia Cientifica. A qualquer momento mais informa\u00e7\u00f5es.<\/p>\n<\/div>\n<\/div>\n<\/div>\n<\/div>\n<div class=\"gallery\">\n<div class=\"container\">\n<div class=\"grid\" style=\"text-align: justify;\">\n<div class=\"grid-sizer\"><\/div>\n<p><a class=\"grid-item fancy\" href=\"https:\/\/www.fmmetropole.com.br\/\/arquivos\/noticia\/antigas\/2021-Maio\/88476a69-0947-4820-98d5-18dfc3d0cb6f.jpg\" rel=\"gallery\"><img decoding=\"async\" class=\"gallery-image\" src=\"https:\/\/www.fmmetropole.com.br\/\/arquivos\/noticia\/antigas\/2021-Maio\/88476a69-0947-4820-98d5-18dfc3d0cb6f.jpg\" alt=\"Imagem 1\" \/><\/a><\/div>\n<\/div>\n<\/div>\n<div>Fonte: https:\/\/www.fmmetropole.com.br\/<\/div>\n<div>M\u00e1rcio Dragonetti<\/div>\n","protected":false},"excerpt":{"rendered":"<p>Um capotamento foi registrado na manh\u00e3 dessa ter\u00e7a-feira (25), na Alameda Vasco Pigozzi, que liga Osvaldo Cruz a SP-294, pr\u00f3ximo ao Posto Cico. De acordo com as informa\u00e7\u00f5es colhidas no local, um ve\u00edculo HRV de cor Prata, com placas de Osvaldo Cruz, ocupado por tr\u00eas mulheres da mesma fam\u00edlia, sendo duas adultas e uma crian\u00e7a, [&hellip;]<\/p>\n","protected":false},"author":1,"featured_media":48351,"comment_status":"closed","ping_status":"open","sticky":false,"template":"","format":"standard","meta":{"footnotes":""},"categories":[170,110],"tags":[],"class_list":["post-48350","post","type-post","status-publish","format-standard","has-post-thumbnail","hentry","category-acidentes","category-noticiasdestaque"],"_links":{"self":[{"href":"https:\/\/jorgezanoni.com.br\/2019\/wp-json\/wp\/v2\/posts\/48350","targetHints":{"allow":["GET"]}}],"collection":[{"href":"https:\/\/jorgezanoni.com.br\/2019\/wp-json\/wp\/v2\/posts"}],"about":[{"href":"https:\/\/jorgezanoni.com.br\/2019\/wp-json\/wp\/v2\/types\/post"}],"author":[{"embeddable":true,"href":"https:\/\/jorgezanoni.com.br\/2019\/wp-json\/wp\/v2\/users\/1"}],"replies":[{"embeddable":true,"href":"https:\/\/jorgezanoni.com.br\/2019\/wp-json\/wp\/v2\/comments?post=48350"}],"version-history":[{"count":0,"href":"https:\/\/jorgezanoni.com.br\/2019\/wp-json\/wp\/v2\/posts\/48350\/revisions"}],"wp:featuredmedia":[{"embeddable":true,"href":"https:\/\/jorgezanoni.com.br\/2019\/wp-json\/wp\/v2\/media\/48351"}],"wp:attachment":[{"href":"https:\/\/jorgezanoni.com.br\/2019\/wp-json\/wp\/v2\/media?parent=48350"}],"wp:term":[{"taxonomy":"category","embeddable":true,"href":"https:\/\/jorgezanoni.com.br\/2019\/wp-json\/wp\/v2\/categories?post=48350"},{"taxonomy":"post_tag","embeddable":true,"href":"https:\/\/jorgezanoni.com.br\/2019\/wp-json\/wp\/v2\/tags?post=48350"}],"curies":[{"name":"wp","href":"https:\/\/api.w.org\/{rel}","templated":true}]}}