{"id":48347,"date":"2021-05-25T14:44:40","date_gmt":"2021-05-25T14:44:40","guid":{"rendered":"https:\/\/jorgezanoni.com.br\/2019\/?p=48347"},"modified":"2021-05-25T14:44:40","modified_gmt":"2021-05-25T14:44:40","slug":"com-suspeita-de-covid-caminhoneiro-de-lucelia-e-encontrado-morto-dentro-de-carreta-na-br-163","status":"publish","type":"post","link":"https:\/\/jorgezanoni.com.br\/2019\/com-suspeita-de-covid-caminhoneiro-de-lucelia-e-encontrado-morto-dentro-de-carreta-na-br-163\/","title":{"rendered":"Com suspeita de Covid, caminhoneiro de Luc\u00e9lia \u00e9 encontrado morto dentro de carreta na BR-163"},"content":{"rendered":"<p style=\"text-align: justify;\">Jos\u00e9 Carlos Leite, de 53 anos, morador de Luc\u00e9lia foi encontrado morto na manh\u00e3 desta ter\u00e7a-feira (25), dentro da cabine de seu caminh\u00e3o nos fundos do bairro Moreninhas, na BR-163 MS. em um posto de combust\u00edvel. O Corpo de Bombeiros foi chamado para o local e teve de arrombar a porta da carreta. Policiais informaram que ele estava com suspeita de Covid.<\/p>\n<p style=\"text-align: justify;\">Um colega de Jos\u00e9, o caminhoneiro Ant\u00f4nio Aparecido, de 49 anos, disse que eles sa\u00edram nesta segunda-feira (24) de Luc\u00e9lia em S\u00e3o Paulo chegando a Campo Grande j\u00e1 \u00e0 noite. \u201cEu chamei ele para jantar, mas n\u00e3o quis e dormiu na cabine\u201d, disse o amigo.<\/p>\n<p style=\"text-align: justify;\">J\u00e1 pela manh\u00e3 desta ter\u00e7a (25), Ant\u00f4nio disse que ligou seu caminh\u00e3o para que seguissem viagem at\u00e9 Corumb\u00e1 onde iriam carregar min\u00e9rios que seriam levado para Minas Gerais, mas Jos\u00e9 n\u00e3o acordou. Ele ainda falou que foi at\u00e9 a cabine do caminh\u00e3o do amigo cham\u00e1-lo, mas ele n\u00e3o respondia.<\/p>\n<p style=\"text-align: justify;\">Foi ent\u00e3o que acionou os bombeiros que tiveram de quebrar os vidros e arrombar a porta da cabine, que estava trancada. A morte foi constatada por um m\u00e9dico da CCRMSVia. A per\u00edcia da Pol\u00edcia Civil foi chamada.<\/p>\n<p style=\"text-align: justify;\">Fonte: https:\/\/www.cnnews.net.br\/<\/p>\n","protected":false},"excerpt":{"rendered":"<p>Jos\u00e9 Carlos Leite, de 53 anos, morador de Luc\u00e9lia foi encontrado morto na manh\u00e3 desta ter\u00e7a-feira (25), dentro da cabine de seu caminh\u00e3o nos fundos do bairro Moreninhas, na BR-163 MS. em um posto de combust\u00edvel. O Corpo de Bombeiros foi chamado para o local e teve de arrombar a porta da carreta. Policiais informaram [&hellip;]<\/p>\n","protected":false},"author":1,"featured_media":48348,"comment_status":"closed","ping_status":"open","sticky":false,"template":"","format":"standard","meta":{"footnotes":""},"categories":[110,2],"tags":[],"class_list":["post-48347","post","type-post","status-publish","format-standard","has-post-thumbnail","hentry","category-noticiasdestaque","category-policial"],"_links":{"self":[{"href":"https:\/\/jorgezanoni.com.br\/2019\/wp-json\/wp\/v2\/posts\/48347","targetHints":{"allow":["GET"]}}],"collection":[{"href":"https:\/\/jorgezanoni.com.br\/2019\/wp-json\/wp\/v2\/posts"}],"about":[{"href":"https:\/\/jorgezanoni.com.br\/2019\/wp-json\/wp\/v2\/types\/post"}],"author":[{"embeddable":true,"href":"https:\/\/jorgezanoni.com.br\/2019\/wp-json\/wp\/v2\/users\/1"}],"replies":[{"embeddable":true,"href":"https:\/\/jorgezanoni.com.br\/2019\/wp-json\/wp\/v2\/comments?post=48347"}],"version-history":[{"count":0,"href":"https:\/\/jorgezanoni.com.br\/2019\/wp-json\/wp\/v2\/posts\/48347\/revisions"}],"wp:featuredmedia":[{"embeddable":true,"href":"https:\/\/jorgezanoni.com.br\/2019\/wp-json\/wp\/v2\/media\/48348"}],"wp:attachment":[{"href":"https:\/\/jorgezanoni.com.br\/2019\/wp-json\/wp\/v2\/media?parent=48347"}],"wp:term":[{"taxonomy":"category","embeddable":true,"href":"https:\/\/jorgezanoni.com.br\/2019\/wp-json\/wp\/v2\/categories?post=48347"},{"taxonomy":"post_tag","embeddable":true,"href":"https:\/\/jorgezanoni.com.br\/2019\/wp-json\/wp\/v2\/tags?post=48347"}],"curies":[{"name":"wp","href":"https:\/\/api.w.org\/{rel}","templated":true}]}}