{"id":48344,"date":"2021-05-25T14:31:54","date_gmt":"2021-05-25T14:31:54","guid":{"rendered":"https:\/\/jorgezanoni.com.br\/2019\/?p=48344"},"modified":"2021-05-25T14:33:25","modified_gmt":"2021-05-25T14:33:25","slug":"morre-aparecida-bitencourt-moradora-do-bairro-emilio-zanata","status":"publish","type":"post","link":"https:\/\/jorgezanoni.com.br\/2019\/morre-aparecida-bitencourt-moradora-do-bairro-emilio-zanata\/","title":{"rendered":"Morre Aparecida Bitencourt moradora do Bairro Emilio Zanata"},"content":{"rendered":"<div class=\"kvgmc6g5 cxmmr5t8 oygrvhab hcukyx3x c1et5uql ii04i59q\">\n<div dir=\"auto\" style=\"text-align: justify;\">Comunicamos com pesar, o falecimento de Aparecida Maria de Jesus Bitencourt de 46 anos. Ela estava internada desde o dia 16 de maio na Santa Casa de Dracena com complica\u00e7\u00f5es da Covid-19, e na noite de ontem (24), n\u00e3o resistiu vindo a \u00f3bito.<\/div>\n<div dir=\"auto\" style=\"text-align: justify;\"><\/div>\n<\/div>\n<div class=\"o9v6fnle cxmmr5t8 oygrvhab hcukyx3x c1et5uql ii04i59q\" style=\"text-align: justify;\">\n<div dir=\"auto\">Era conhecida como &#8220;Dinha&#8221; . O Sepultamento aconteceu \u00e1s 10:00 de hoje (25), no Cemit\u00e9rio de Dracena.<\/div>\n<div dir=\"auto\"><\/div>\n<\/div>\n<div dir=\"auto\" style=\"text-align: justify;\">O Site JZ se solidariza com a fam\u00edlia neste dif\u00edcil momento<\/div>\n<div dir=\"auto\" style=\"text-align: justify;\"><\/div>\n<div dir=\"auto\" style=\"text-align: justify;\">Jorge Zanoni<\/div>\n","protected":false},"excerpt":{"rendered":"<p>Comunicamos com pesar, o falecimento de Aparecida Maria de Jesus Bitencourt de 46 anos. Ela estava internada desde o dia 16 de maio na Santa Casa de Dracena com complica\u00e7\u00f5es da Covid-19, e na noite de ontem (24), n\u00e3o resistiu vindo a \u00f3bito. Era conhecida como &#8220;Dinha&#8221; . O Sepultamento aconteceu \u00e1s 10:00 de hoje [&hellip;]<\/p>\n","protected":false},"author":1,"featured_media":48345,"comment_status":"closed","ping_status":"open","sticky":false,"template":"","format":"standard","meta":{"footnotes":""},"categories":[178,110],"tags":[],"class_list":["post-48344","post","type-post","status-publish","format-standard","has-post-thumbnail","hentry","category-notadefalecimento","category-noticiasdestaque"],"_links":{"self":[{"href":"https:\/\/jorgezanoni.com.br\/2019\/wp-json\/wp\/v2\/posts\/48344","targetHints":{"allow":["GET"]}}],"collection":[{"href":"https:\/\/jorgezanoni.com.br\/2019\/wp-json\/wp\/v2\/posts"}],"about":[{"href":"https:\/\/jorgezanoni.com.br\/2019\/wp-json\/wp\/v2\/types\/post"}],"author":[{"embeddable":true,"href":"https:\/\/jorgezanoni.com.br\/2019\/wp-json\/wp\/v2\/users\/1"}],"replies":[{"embeddable":true,"href":"https:\/\/jorgezanoni.com.br\/2019\/wp-json\/wp\/v2\/comments?post=48344"}],"version-history":[{"count":0,"href":"https:\/\/jorgezanoni.com.br\/2019\/wp-json\/wp\/v2\/posts\/48344\/revisions"}],"wp:featuredmedia":[{"embeddable":true,"href":"https:\/\/jorgezanoni.com.br\/2019\/wp-json\/wp\/v2\/media\/48345"}],"wp:attachment":[{"href":"https:\/\/jorgezanoni.com.br\/2019\/wp-json\/wp\/v2\/media?parent=48344"}],"wp:term":[{"taxonomy":"category","embeddable":true,"href":"https:\/\/jorgezanoni.com.br\/2019\/wp-json\/wp\/v2\/categories?post=48344"},{"taxonomy":"post_tag","embeddable":true,"href":"https:\/\/jorgezanoni.com.br\/2019\/wp-json\/wp\/v2\/tags?post=48344"}],"curies":[{"name":"wp","href":"https:\/\/api.w.org\/{rel}","templated":true}]}}