{"id":48341,"date":"2021-05-25T14:01:44","date_gmt":"2021-05-25T14:01:44","guid":{"rendered":"https:\/\/jorgezanoni.com.br\/2019\/?p=48341"},"modified":"2021-05-25T14:01:44","modified_gmt":"2021-05-25T14:01:44","slug":"usina-rio-vermelho-faz-doacao-para-a-santa-casa-de-dracena-de-luvas-e-mascaras","status":"publish","type":"post","link":"https:\/\/jorgezanoni.com.br\/2019\/usina-rio-vermelho-faz-doacao-para-a-santa-casa-de-dracena-de-luvas-e-mascaras\/","title":{"rendered":"Usina Rio Vermelho faz doa\u00e7\u00e3o para a Santa Casa de Dracena de Luvas e M\u00e1scaras"},"content":{"rendered":"<p>Representando a VITERRA BIOENERGIA \u2013 UNIDADE RIO VERMELHO realizaram a doa\u00e7\u00e3o de:<br \/>\n\uf0d8 126.000 unidades de luvas l\u00e1tex.<br \/>\n\uf0d8 20.000 m\u00e1scaras cir\u00fargicas descart\u00e1veis tripla.<br \/>\n\uf0d8 340 pacotes de m\u00e1scaras PFF2.<\/p>\n<p style=\"text-align: justify;\">Os insumos ser\u00e3o utilizados para o tratamento de pacientes internados em decorr\u00eancia de complica\u00e7\u00f5es da COVID-19. Os insumos s\u00e3o itens de seguran\u00e7a sanit\u00e1ria e epidemiol\u00f3gica dos agentes de sa\u00fade que cuidam dos pacientes infectados e hospitalizados. A doa\u00e7\u00e3o contribue, tamb\u00e9m, com os pacientes em geral. Os representantes da Viterra demonstraram contentamento ao tomarem conhecimento da import\u00e2ncia da doa\u00e7\u00e3o. Os representantes da Santa Casa de Dracena agradecem a colabora\u00e7\u00e3o e se sentem lisonjeados pela aten\u00e7\u00e3o da VITERRA BIOENERGIA \u2013 UNIDADE RIO VERMELHO.<\/p>\n<p style=\"text-align: justify;\">Santa Casa de Dracena, PATRIM\u00d4NIO DA COMUNIDADE.<br \/>\nMuito obrigado VITERRA BIOENERGIA \u2013 UNIDADE RIO VERMELHO.<br \/>\nDracena \u2013 S\u00e3o Paulo, em 25 de maio de 2021.<\/p>\n<p style=\"text-align: justify;\">Diretoria Administrativa<br \/>\nSanta Casa de Dracena<\/p>\n","protected":false},"excerpt":{"rendered":"<p>Representando a VITERRA BIOENERGIA \u2013 UNIDADE RIO VERMELHO realizaram a doa\u00e7\u00e3o de: \uf0d8 126.000 unidades de luvas l\u00e1tex. \uf0d8 20.000 m\u00e1scaras cir\u00fargicas descart\u00e1veis tripla. \uf0d8 340 pacotes de m\u00e1scaras PFF2. Os insumos ser\u00e3o utilizados para o tratamento de pacientes internados em decorr\u00eancia de complica\u00e7\u00f5es da COVID-19. Os insumos s\u00e3o itens de seguran\u00e7a sanit\u00e1ria e epidemiol\u00f3gica [&hellip;]<\/p>\n","protected":false},"author":1,"featured_media":48342,"comment_status":"closed","ping_status":"open","sticky":false,"template":"","format":"standard","meta":{"footnotes":""},"categories":[118],"tags":[],"class_list":["post-48341","post","type-post","status-publish","format-standard","has-post-thumbnail","hentry","category-religiaoesolidariedade"],"_links":{"self":[{"href":"https:\/\/jorgezanoni.com.br\/2019\/wp-json\/wp\/v2\/posts\/48341","targetHints":{"allow":["GET"]}}],"collection":[{"href":"https:\/\/jorgezanoni.com.br\/2019\/wp-json\/wp\/v2\/posts"}],"about":[{"href":"https:\/\/jorgezanoni.com.br\/2019\/wp-json\/wp\/v2\/types\/post"}],"author":[{"embeddable":true,"href":"https:\/\/jorgezanoni.com.br\/2019\/wp-json\/wp\/v2\/users\/1"}],"replies":[{"embeddable":true,"href":"https:\/\/jorgezanoni.com.br\/2019\/wp-json\/wp\/v2\/comments?post=48341"}],"version-history":[{"count":0,"href":"https:\/\/jorgezanoni.com.br\/2019\/wp-json\/wp\/v2\/posts\/48341\/revisions"}],"wp:featuredmedia":[{"embeddable":true,"href":"https:\/\/jorgezanoni.com.br\/2019\/wp-json\/wp\/v2\/media\/48342"}],"wp:attachment":[{"href":"https:\/\/jorgezanoni.com.br\/2019\/wp-json\/wp\/v2\/media?parent=48341"}],"wp:term":[{"taxonomy":"category","embeddable":true,"href":"https:\/\/jorgezanoni.com.br\/2019\/wp-json\/wp\/v2\/categories?post=48341"},{"taxonomy":"post_tag","embeddable":true,"href":"https:\/\/jorgezanoni.com.br\/2019\/wp-json\/wp\/v2\/tags?post=48341"}],"curies":[{"name":"wp","href":"https:\/\/api.w.org\/{rel}","templated":true}]}}