{"id":48318,"date":"2021-05-24T23:53:06","date_gmt":"2021-05-24T23:53:06","guid":{"rendered":"https:\/\/jorgezanoni.com.br\/2019\/?p=48318"},"modified":"2021-05-24T23:53:06","modified_gmt":"2021-05-24T23:53:06","slug":"diretores-da-santa-casa-de-dracena-visitam-deputados","status":"publish","type":"post","link":"https:\/\/jorgezanoni.com.br\/2019\/diretores-da-santa-casa-de-dracena-visitam-deputados\/","title":{"rendered":"Diretores da Santa Casa de Dracena visitam Deputados"},"content":{"rendered":"<p style=\"text-align: justify;\"><strong>DIRETORES DA SANTA CASA DE DRACENA VISITAM O DEPUTADO ESTADUAL REINALDO ALGUZ E O DEPUTADO FEDERAL ENRICO MISASI.<\/strong><\/p>\n<p style=\"text-align: justify;\">Os senhores Celso Xavier Santin, Hermes Tamura e Ant\u00f4nio F\u00e1vero, componentes da Diretoria Administrativa da SANTA CASA DE DRACENA, acompanhados do Prefeito Municipal de Dracena, senhor ANDR\u00c9 KOZAN LEMOS, estiveram na tarde do \u00faltimo s\u00e1bado (22\/05\/2021) em visita aos Deputados REINALDO ALGUZ e ENRICO MISASI, cumprindo agenda institucional e recebidos com todas as cordialidades, oportunidade em que atualizaram as conquistas viabilizadas pelos nobres parlamentares, onde os Diretores ressaltaram o agradecimento aos ilustres parlamentares, n\u00e3o s\u00f3 em nome da entidade, mas de toda comunidade assistida.<\/p>\n<p style=\"text-align: justify;\">Presentemente, num interc\u00e2mbio com o Prefeito Andr\u00e9 Lemos e a interveni\u00eancia dos Deputados Reinaldo e Enrico, na pol\u00edtica de combate a COVID-19, tiveram participa\u00e7\u00e3o fundamental em disponibilizar 10 (dez) leitos de UTI COVID e 10 (dez) leitos enfermaria COVID, junto a Secretaria de Estado da Sa\u00fade de S\u00e3o Paulo, todos em conv\u00eanio com o GOVERNO DO ESTADO DE S\u00c3O PAULO e o MUNIC\u00cdPIO DE DRACENA, no m\u00eas de mar\u00e7o deste ano, com validade por 90 (noventa) dias. Reconhecendo a interven\u00e7\u00e3o pontual dos Deputados mencionados, munidos do interesse p\u00fablico de servir e dar assist\u00eancia a todos, indistintamente como lhes \u00e9 peculiar.<\/p>\n<p style=\"text-align: justify;\">A visita, evidentemente, motivada pela expira\u00e7\u00e3o do prazo do conv\u00eanio, buscar a renova\u00e7\u00e3o dos leitos, tanto de UTI como de enfermaria. A solicita\u00e7\u00e3o acolhida pelos anfitri\u00f5es, colocando-os como prioridade.<\/p>\n<p style=\"text-align: justify;\">O Deputado Estadual Reinaldo Alguz, desde o seu mandato inaugural iniciado em 2007, ao longo destes anos, tem protagonizado projetos exitosos para alcan\u00e7ar um objetivo comum de aten\u00e7\u00e3o \u00e0 sa\u00fade, a exemplo deste ano, um projeto para reforma e amplia\u00e7\u00e3o do Centro Cir\u00fargico e a aquisi\u00e7\u00e3o de um equipamento Arco Cir\u00fargico.<\/p>\n<p style=\"text-align: justify;\">O Deputado Federal Enrico Misasi, desde o in\u00edcio de seu mandado na C\u00e2mara dos Deputados tem implementado os esfor\u00e7os para distinguir o hospital com verbas objetivas.<\/p>\n<p style=\"text-align: justify;\">O encontro \u2013 foto, foi extremamente proveitoso, demonstra\u00e7\u00e3o de sinergia da atividade parlamentar e o papel institucional da entidade, destacando-se a mensagem do Provedor Celso Xavier Santin, agradecendo a acolhida e que o resultado da combina\u00e7\u00e3o ser\u00e1 em prol do PATRIM\u00d4NIO DA COMUNIDADE.<\/p>\n<p style=\"text-align: justify;\">Dracena \u2013 S\u00e3o Paulo, em 24 de maio de 2021.<\/p>\n<p style=\"text-align: justify;\">Diretoria Administrativa<br \/>\nSanta Casa de Dracena<\/p>\n","protected":false},"excerpt":{"rendered":"<p>DIRETORES DA SANTA CASA DE DRACENA VISITAM O DEPUTADO ESTADUAL REINALDO ALGUZ E O DEPUTADO FEDERAL ENRICO MISASI. Os senhores Celso Xavier Santin, Hermes Tamura e Ant\u00f4nio F\u00e1vero, componentes da Diretoria Administrativa da SANTA CASA DE DRACENA, acompanhados do Prefeito Municipal de Dracena, senhor ANDR\u00c9 KOZAN LEMOS, estiveram na tarde do \u00faltimo s\u00e1bado (22\/05\/2021) em [&hellip;]<\/p>\n","protected":false},"author":1,"featured_media":48319,"comment_status":"closed","ping_status":"open","sticky":false,"template":"","format":"standard","meta":{"footnotes":""},"categories":[110,116],"tags":[],"class_list":["post-48318","post","type-post","status-publish","format-standard","has-post-thumbnail","hentry","category-noticiasdestaque","category-politicaeeconomia"],"_links":{"self":[{"href":"https:\/\/jorgezanoni.com.br\/2019\/wp-json\/wp\/v2\/posts\/48318","targetHints":{"allow":["GET"]}}],"collection":[{"href":"https:\/\/jorgezanoni.com.br\/2019\/wp-json\/wp\/v2\/posts"}],"about":[{"href":"https:\/\/jorgezanoni.com.br\/2019\/wp-json\/wp\/v2\/types\/post"}],"author":[{"embeddable":true,"href":"https:\/\/jorgezanoni.com.br\/2019\/wp-json\/wp\/v2\/users\/1"}],"replies":[{"embeddable":true,"href":"https:\/\/jorgezanoni.com.br\/2019\/wp-json\/wp\/v2\/comments?post=48318"}],"version-history":[{"count":0,"href":"https:\/\/jorgezanoni.com.br\/2019\/wp-json\/wp\/v2\/posts\/48318\/revisions"}],"wp:featuredmedia":[{"embeddable":true,"href":"https:\/\/jorgezanoni.com.br\/2019\/wp-json\/wp\/v2\/media\/48319"}],"wp:attachment":[{"href":"https:\/\/jorgezanoni.com.br\/2019\/wp-json\/wp\/v2\/media?parent=48318"}],"wp:term":[{"taxonomy":"category","embeddable":true,"href":"https:\/\/jorgezanoni.com.br\/2019\/wp-json\/wp\/v2\/categories?post=48318"},{"taxonomy":"post_tag","embeddable":true,"href":"https:\/\/jorgezanoni.com.br\/2019\/wp-json\/wp\/v2\/tags?post=48318"}],"curies":[{"name":"wp","href":"https:\/\/api.w.org\/{rel}","templated":true}]}}