{"id":48306,"date":"2021-05-24T22:57:28","date_gmt":"2021-05-24T22:57:28","guid":{"rendered":"https:\/\/jorgezanoni.com.br\/2019\/?p=48306"},"modified":"2021-05-24T22:58:45","modified_gmt":"2021-05-24T22:58:45","slug":"reservatorio-antigo-do-jardim-das-palmeiras-e-retirado-para-reforma","status":"publish","type":"post","link":"https:\/\/jorgezanoni.com.br\/2019\/reservatorio-antigo-do-jardim-das-palmeiras-e-retirado-para-reforma\/","title":{"rendered":"Reservat\u00f3rio\u00a0antigo\u00a0do\u00a0Jardim\u00a0das\u00a0Palmeiras\u00a0\u00e9\u00a0retirado\u00a0para\u00a0reforma"},"content":{"rendered":"<p style=\"text-align: justify;\">Durante opera\u00e7\u00e3o no s\u00e1bado, com utiliza\u00e7\u00e3o de guindaste, empresa contratada retirou o antigo reservat\u00f3rio de 80 mil litros, localizado no Jardim das Palmeiras IV. O reservat\u00f3rio passar\u00e1 por reforma geral e receber\u00e1 nova pintura, antes de ser recolocado em novo ponto do munic\u00edpio. Outros reservat\u00f3rios antigos passar\u00e3o pelo mesmo processo durante o mandato.<br \/>\nO prefeito Andr\u00e9 Lemos e o vice-prefeito Guido Francisco Baggio, presidente da EMDAEP, acompanharam o servi\u00e7o no s\u00e1bado.<\/p>\n<p style=\"text-align: justify;\"><img loading=\"lazy\" decoding=\"async\" class=\"alignnone size-full wp-image-48308\" src=\"https:\/\/jorgezanoni.com.br\/2019\/wp-content\/uploads\/2021\/05\/reserva1.jpg\" alt=\"\" width=\"239\" height=\"197\" \/> <img loading=\"lazy\" decoding=\"async\" class=\"alignnone size-full wp-image-48309\" src=\"https:\/\/jorgezanoni.com.br\/2019\/wp-content\/uploads\/2021\/05\/reserva2.jpg\" alt=\"\" width=\"907\" height=\"768\" srcset=\"https:\/\/jorgezanoni.com.br\/2019\/wp-content\/uploads\/2021\/05\/reserva2.jpg 907w, https:\/\/jorgezanoni.com.br\/2019\/wp-content\/uploads\/2021\/05\/reserva2-300x254.jpg 300w, https:\/\/jorgezanoni.com.br\/2019\/wp-content\/uploads\/2021\/05\/reserva2-768x650.jpg 768w, https:\/\/jorgezanoni.com.br\/2019\/wp-content\/uploads\/2021\/05\/reserva2-696x589.jpg 696w, https:\/\/jorgezanoni.com.br\/2019\/wp-content\/uploads\/2021\/05\/reserva2-496x420.jpg 496w\" sizes=\"auto, (max-width: 907px) 100vw, 907px\" \/><\/p>\n<p>Ass.\u00a0Rela\u00e7\u00f5es\u00a0P\u00fablicas\u00a0da\u00a0EMDAEP<\/p>\n","protected":false},"excerpt":{"rendered":"<p>Durante opera\u00e7\u00e3o no s\u00e1bado, com utiliza\u00e7\u00e3o de guindaste, empresa contratada retirou o antigo reservat\u00f3rio de 80 mil litros, localizado no Jardim das Palmeiras IV. O reservat\u00f3rio passar\u00e1 por reforma geral e receber\u00e1 nova pintura, antes de ser recolocado em novo ponto do munic\u00edpio. Outros reservat\u00f3rios antigos passar\u00e3o pelo mesmo processo durante o mandato. O prefeito [&hellip;]<\/p>\n","protected":false},"author":1,"featured_media":48307,"comment_status":"closed","ping_status":"open","sticky":false,"template":"","format":"standard","meta":{"footnotes":""},"categories":[179,184],"tags":[],"class_list":["post-48306","post","type-post","status-publish","format-standard","has-post-thumbnail","hentry","category-cidadeseregiao","category-dracena"],"_links":{"self":[{"href":"https:\/\/jorgezanoni.com.br\/2019\/wp-json\/wp\/v2\/posts\/48306","targetHints":{"allow":["GET"]}}],"collection":[{"href":"https:\/\/jorgezanoni.com.br\/2019\/wp-json\/wp\/v2\/posts"}],"about":[{"href":"https:\/\/jorgezanoni.com.br\/2019\/wp-json\/wp\/v2\/types\/post"}],"author":[{"embeddable":true,"href":"https:\/\/jorgezanoni.com.br\/2019\/wp-json\/wp\/v2\/users\/1"}],"replies":[{"embeddable":true,"href":"https:\/\/jorgezanoni.com.br\/2019\/wp-json\/wp\/v2\/comments?post=48306"}],"version-history":[{"count":0,"href":"https:\/\/jorgezanoni.com.br\/2019\/wp-json\/wp\/v2\/posts\/48306\/revisions"}],"wp:featuredmedia":[{"embeddable":true,"href":"https:\/\/jorgezanoni.com.br\/2019\/wp-json\/wp\/v2\/media\/48307"}],"wp:attachment":[{"href":"https:\/\/jorgezanoni.com.br\/2019\/wp-json\/wp\/v2\/media?parent=48306"}],"wp:term":[{"taxonomy":"category","embeddable":true,"href":"https:\/\/jorgezanoni.com.br\/2019\/wp-json\/wp\/v2\/categories?post=48306"},{"taxonomy":"post_tag","embeddable":true,"href":"https:\/\/jorgezanoni.com.br\/2019\/wp-json\/wp\/v2\/tags?post=48306"}],"curies":[{"name":"wp","href":"https:\/\/api.w.org\/{rel}","templated":true}]}}