{"id":48303,"date":"2021-05-24T22:42:41","date_gmt":"2021-05-24T22:42:41","guid":{"rendered":"https:\/\/jorgezanoni.com.br\/2019\/?p=48303"},"modified":"2021-05-24T22:42:41","modified_gmt":"2021-05-24T22:42:41","slug":"convite-para-missa-de-setimo-dia-de-falecimento-3","status":"publish","type":"post","link":"https:\/\/jorgezanoni.com.br\/2019\/convite-para-missa-de-setimo-dia-de-falecimento-3\/","title":{"rendered":"Convite para Missa de S\u00e9timo Dia de Falecimento"},"content":{"rendered":"<p style=\"text-align: justify;\">A Fam\u00edlia de Nilson Bittanti, convida parentes e amigos para participarem da Missa de S\u00e9timo Dia de seu Falecimento que ser\u00e1 rezada por inten\u00e7\u00e3o de sua alma, amanh\u00e3 (25), no Santu\u00e1rio Nossa Senhora de F\u00e1tima, \u00e1s 19:30 Horas.<\/p>\n<p>Por este ato de F\u00e9 a fam\u00edlia agradece.<\/p>\n<p><strong>HOMENAGEM DA FAM\u00cdLIA<\/strong><\/p>\n<p style=\"text-align: justify;\">Hoje faz 7 dias que voc\u00ea partiu desse mundo e voltou para a casa do Pai, est\u00e1 sendo dif\u00edcil dizer adeus, isso d\u00f3i demais. N\u00e3o houve a despedida, n\u00e3o pudemos dizer at\u00e9 logo&#8230; e isso d\u00f3i ainda mais.<br \/>\nPor aqui uma hora ou outra \u201cficaremos bem\u201d, claro que sua aus\u00eancia vai sempre doer, nos esfor\u00e7aremos para cumprirmos a nossa jornada aqui na terra, e sempre iremos nos recordar com muito amor e carinho de todos os momentos que tivemos o privil\u00e9gio de compartilhar com voc\u00ea.<br \/>\nVoc\u00ea foi luz aqui na terra e hoje brilha a\u00ed no C\u00e9u. Descanse em paz Nilson Bittanti, voc\u00ea estar\u00e1 para sempre em nossos cora\u00e7\u00f5es.<\/p>\n","protected":false},"excerpt":{"rendered":"<p>A Fam\u00edlia de Nilson Bittanti, convida parentes e amigos para participarem da Missa de S\u00e9timo Dia de seu Falecimento que ser\u00e1 rezada por inten\u00e7\u00e3o de sua alma, amanh\u00e3 (25), no Santu\u00e1rio Nossa Senhora de F\u00e1tima, \u00e1s 19:30 Horas. Por este ato de F\u00e9 a fam\u00edlia agradece. HOMENAGEM DA FAM\u00cdLIA Hoje faz 7 dias que voc\u00ea [&hellip;]<\/p>\n","protected":false},"author":1,"featured_media":48304,"comment_status":"closed","ping_status":"open","sticky":false,"template":"","format":"standard","meta":{"footnotes":""},"categories":[178],"tags":[],"class_list":["post-48303","post","type-post","status-publish","format-standard","has-post-thumbnail","hentry","category-notadefalecimento"],"_links":{"self":[{"href":"https:\/\/jorgezanoni.com.br\/2019\/wp-json\/wp\/v2\/posts\/48303","targetHints":{"allow":["GET"]}}],"collection":[{"href":"https:\/\/jorgezanoni.com.br\/2019\/wp-json\/wp\/v2\/posts"}],"about":[{"href":"https:\/\/jorgezanoni.com.br\/2019\/wp-json\/wp\/v2\/types\/post"}],"author":[{"embeddable":true,"href":"https:\/\/jorgezanoni.com.br\/2019\/wp-json\/wp\/v2\/users\/1"}],"replies":[{"embeddable":true,"href":"https:\/\/jorgezanoni.com.br\/2019\/wp-json\/wp\/v2\/comments?post=48303"}],"version-history":[{"count":0,"href":"https:\/\/jorgezanoni.com.br\/2019\/wp-json\/wp\/v2\/posts\/48303\/revisions"}],"wp:featuredmedia":[{"embeddable":true,"href":"https:\/\/jorgezanoni.com.br\/2019\/wp-json\/wp\/v2\/media\/48304"}],"wp:attachment":[{"href":"https:\/\/jorgezanoni.com.br\/2019\/wp-json\/wp\/v2\/media?parent=48303"}],"wp:term":[{"taxonomy":"category","embeddable":true,"href":"https:\/\/jorgezanoni.com.br\/2019\/wp-json\/wp\/v2\/categories?post=48303"},{"taxonomy":"post_tag","embeddable":true,"href":"https:\/\/jorgezanoni.com.br\/2019\/wp-json\/wp\/v2\/tags?post=48303"}],"curies":[{"name":"wp","href":"https:\/\/api.w.org\/{rel}","templated":true}]}}