{"id":48300,"date":"2021-05-24T21:39:44","date_gmt":"2021-05-24T21:39:44","guid":{"rendered":"https:\/\/jorgezanoni.com.br\/2019\/?p=48300"},"modified":"2021-05-24T21:39:44","modified_gmt":"2021-05-24T21:39:44","slug":"capitao-marcelo-cavalcante-e-promovido-ao-posto-de-major-pm-por-merecimento","status":"publish","type":"post","link":"https:\/\/jorgezanoni.com.br\/2019\/capitao-marcelo-cavalcante-e-promovido-ao-posto-de-major-pm-por-merecimento\/","title":{"rendered":"Capit\u00e3o Marcelo Cavalcante \u00e9 promovido ao posto de Major PM por merecimento"},"content":{"rendered":"<p style=\"text-align: justify;\">Capit\u00e3o PM Marcelo Cavalcante, Comandante da 1\u00aa Companhia \u2013 Dracena\/SP, foi promovido por merecimento ao posto de Major neste dia 24\/05, conforme publica\u00e7\u00e3o no Di\u00e1rio Oficial do Estado de S\u00e3o Paulo, edi\u00e7\u00e3o de 20\/05\/21.<\/p>\n<p style=\"text-align: justify;\">Cavalcante ingressou na Academia de Pol\u00edcia Militar do Barro Branco em 24\/02\/97, foi promovido a Aspirante a Oficial em 15\/12\/2000, ao posto de 2\u00ba Tenente em 15\/12\/2001, 1\u00ba Tenente em 24\/05\/2008, Capit\u00e3o em 24\/05\/2014 e, finalmente, a Major neste dia 24\/05\/21.<\/p>\n<p style=\"text-align: justify;\">Com mais de 24 anos na carreira militar, neste per\u00edodo comandou policiamento na regi\u00e3o central da cidade de S\u00e3o Paulo, sendo transferido para o 25\u00ba BPM\/I em fevereiro de 2002. Desde ent\u00e3o atuou em fun\u00e7\u00f5es de comando nas cidades de Pacaemb\u00fa, Luc\u00e9lia e Adamantina, bem como nas Companhias de Tupi Paulista e Dracena.<\/p>\n<p style=\"text-align: justify;\">No per\u00edodo em que trabalhou na regi\u00e3o do 25\u00ba BPM\/I, frequentou diversos Cursos de Especializa\u00e7\u00e3o, como Pol\u00edcia Judici\u00e1ria Militar, Controle de Dist\u00farbios Civis, Negocia\u00e7\u00e3o de Crises envolvendo Ref\u00e9ns, Tiro Defensivo na Preserva\u00e7\u00e3o da Vida, Direitos Humanos, entre outros, sendo o mais recente o Mestrado em Ci\u00eancias Policiais da Seguran\u00e7a e Ordem P\u00fablica, que lhe possibilitou a promo\u00e7\u00e3o ao posto de Major.<\/p>\n<p style=\"text-align: justify;\">Com a promo\u00e7\u00e3o Cavalcante deixa o comando da 1\u00aa Companhia, que deve ser assumido interinamente pelo 1\u00ba Ten PM Mayara, at\u00e9 a classifica\u00e7\u00e3o de outro Capit\u00e3o.<\/p>\n<p style=\"text-align: justify;\">\u201cDevido a indisponibilidade de vaga no 25\u00ba BPM\/I, o Major ser\u00e1 transferido para outra Unidade que comp\u00f5e o CPI-8 a ser definido.<\/p>\n<p style=\"text-align: justify;\">\u201cSou grato a Deus pelas ben\u00e7\u00e3os em minha carreira, pela fam\u00edlia, pelos amigos, comunidade e em especial aos policiais militares que trabalharam comigo e que me assessoraram em todos os momentos, fazendo com que atingisse as metas e objetivos da Corpora\u00e7\u00e3o\u201d.<\/p>\n<p style=\"text-align: justify;\">Fonte: Com. Social Pol\u00edcia Militar<\/p>\n","protected":false},"excerpt":{"rendered":"<p>Capit\u00e3o PM Marcelo Cavalcante, Comandante da 1\u00aa Companhia \u2013 Dracena\/SP, foi promovido por merecimento ao posto de Major neste dia 24\/05, conforme publica\u00e7\u00e3o no Di\u00e1rio Oficial do Estado de S\u00e3o Paulo, edi\u00e7\u00e3o de 20\/05\/21. Cavalcante ingressou na Academia de Pol\u00edcia Militar do Barro Branco em 24\/02\/97, foi promovido a Aspirante a Oficial em 15\/12\/2000, ao [&hellip;]<\/p>\n","protected":false},"author":1,"featured_media":48301,"comment_status":"closed","ping_status":"open","sticky":false,"template":"","format":"standard","meta":{"footnotes":""},"categories":[110,2],"tags":[],"class_list":["post-48300","post","type-post","status-publish","format-standard","has-post-thumbnail","hentry","category-noticiasdestaque","category-policial"],"_links":{"self":[{"href":"https:\/\/jorgezanoni.com.br\/2019\/wp-json\/wp\/v2\/posts\/48300","targetHints":{"allow":["GET"]}}],"collection":[{"href":"https:\/\/jorgezanoni.com.br\/2019\/wp-json\/wp\/v2\/posts"}],"about":[{"href":"https:\/\/jorgezanoni.com.br\/2019\/wp-json\/wp\/v2\/types\/post"}],"author":[{"embeddable":true,"href":"https:\/\/jorgezanoni.com.br\/2019\/wp-json\/wp\/v2\/users\/1"}],"replies":[{"embeddable":true,"href":"https:\/\/jorgezanoni.com.br\/2019\/wp-json\/wp\/v2\/comments?post=48300"}],"version-history":[{"count":0,"href":"https:\/\/jorgezanoni.com.br\/2019\/wp-json\/wp\/v2\/posts\/48300\/revisions"}],"wp:featuredmedia":[{"embeddable":true,"href":"https:\/\/jorgezanoni.com.br\/2019\/wp-json\/wp\/v2\/media\/48301"}],"wp:attachment":[{"href":"https:\/\/jorgezanoni.com.br\/2019\/wp-json\/wp\/v2\/media?parent=48300"}],"wp:term":[{"taxonomy":"category","embeddable":true,"href":"https:\/\/jorgezanoni.com.br\/2019\/wp-json\/wp\/v2\/categories?post=48300"},{"taxonomy":"post_tag","embeddable":true,"href":"https:\/\/jorgezanoni.com.br\/2019\/wp-json\/wp\/v2\/tags?post=48300"}],"curies":[{"name":"wp","href":"https:\/\/api.w.org\/{rel}","templated":true}]}}