{"id":4830,"date":"2019-08-28T16:33:23","date_gmt":"2019-08-28T16:33:23","guid":{"rendered":"https:\/\/jorgezanoni.com.br\/2019\/?p=4830"},"modified":"2019-08-28T16:33:55","modified_gmt":"2019-08-28T16:33:55","slug":"comunicao-importante-sobre-a-emissao-de-notas-fiscais-eletronicas","status":"publish","type":"post","link":"https:\/\/jorgezanoni.com.br\/2019\/comunicao-importante-sobre-a-emissao-de-notas-fiscais-eletronicas\/","title":{"rendered":"Comunicado importante sobre a emiss\u00e3o de Notas Fiscais Eletr\u00f4nicas"},"content":{"rendered":"<div>\n<div class=\"_1mf _1mj\"><strong>APRESENTA\u00c7\u00c3O DO NOVO SISTEMA<\/strong><\/div>\n<\/div>\n<div>\n<div class=\"_1mf _1mj\"><\/div>\n<\/div>\n<div>\n<div class=\"_1mf _1mj\" style=\"text-align: justify;\">A Prefeitura de Dracena, por meio da Secretaria da Fazenda e Or\u00e7amento, convida a todos os empres\u00e1rios e contabilistas que utilizam o sistema de Nota Fiscal de Servi\u00e7os Eletr\u00f4nica, a participarem do treinamento do novo sistema no dia 02 de setembro, \u00e0s 14h30, no audit\u00f3rio da Coordenadoria de Desenvolvimento Rural Sustent\u00e1vel (antiga CATI), situada na Rua Brasil n\u00ba 978, Centro.<\/div>\n<\/div>\n<div style=\"text-align: justify;\">\n<div class=\"_1mf _1mj\"><\/div>\n<\/div>\n<div style=\"text-align: justify;\">\n<div class=\"_1mf _1mj\">Na ocasi\u00e3o os t\u00e9cnicos da empresa FIORILLI, respons\u00e1veis pelo novo sistema estar\u00e3o apresentando a nova plataforma de emiss\u00e3o de notas fiscais eletr\u00f4nicas e dirimindo todas as d\u00favidas dos participantes.<\/div>\n<div><\/div>\n<\/div>\n<div style=\"text-align: justify;\">Fonte: Diretoria de Comunica\u00e7\u00e3o<\/div>\n","protected":false},"excerpt":{"rendered":"<p>APRESENTA\u00c7\u00c3O DO NOVO SISTEMA A Prefeitura de Dracena, por meio da Secretaria da Fazenda e Or\u00e7amento, convida a todos os empres\u00e1rios e contabilistas que utilizam o sistema de Nota Fiscal de Servi\u00e7os Eletr\u00f4nica, a participarem do treinamento do novo sistema no dia 02 de setembro, \u00e0s 14h30, no audit\u00f3rio da Coordenadoria de Desenvolvimento Rural Sustent\u00e1vel [&hellip;]<\/p>\n","protected":false},"author":1,"featured_media":4831,"comment_status":"closed","ping_status":"open","sticky":false,"template":"","format":"standard","meta":{"footnotes":""},"categories":[179,110],"tags":[],"class_list":["post-4830","post","type-post","status-publish","format-standard","has-post-thumbnail","hentry","category-cidadeseregiao","category-noticiasdestaque"],"_links":{"self":[{"href":"https:\/\/jorgezanoni.com.br\/2019\/wp-json\/wp\/v2\/posts\/4830","targetHints":{"allow":["GET"]}}],"collection":[{"href":"https:\/\/jorgezanoni.com.br\/2019\/wp-json\/wp\/v2\/posts"}],"about":[{"href":"https:\/\/jorgezanoni.com.br\/2019\/wp-json\/wp\/v2\/types\/post"}],"author":[{"embeddable":true,"href":"https:\/\/jorgezanoni.com.br\/2019\/wp-json\/wp\/v2\/users\/1"}],"replies":[{"embeddable":true,"href":"https:\/\/jorgezanoni.com.br\/2019\/wp-json\/wp\/v2\/comments?post=4830"}],"version-history":[{"count":0,"href":"https:\/\/jorgezanoni.com.br\/2019\/wp-json\/wp\/v2\/posts\/4830\/revisions"}],"wp:featuredmedia":[{"embeddable":true,"href":"https:\/\/jorgezanoni.com.br\/2019\/wp-json\/wp\/v2\/media\/4831"}],"wp:attachment":[{"href":"https:\/\/jorgezanoni.com.br\/2019\/wp-json\/wp\/v2\/media?parent=4830"}],"wp:term":[{"taxonomy":"category","embeddable":true,"href":"https:\/\/jorgezanoni.com.br\/2019\/wp-json\/wp\/v2\/categories?post=4830"},{"taxonomy":"post_tag","embeddable":true,"href":"https:\/\/jorgezanoni.com.br\/2019\/wp-json\/wp\/v2\/tags?post=4830"}],"curies":[{"name":"wp","href":"https:\/\/api.w.org\/{rel}","templated":true}]}}