{"id":48297,"date":"2021-05-24T21:19:38","date_gmt":"2021-05-24T21:19:38","guid":{"rendered":"https:\/\/jorgezanoni.com.br\/2019\/?p=48297"},"modified":"2021-05-24T21:19:38","modified_gmt":"2021-05-24T21:19:38","slug":"dracena-tempersul-reforca-equipe-com-adriano-gerlin","status":"publish","type":"post","link":"https:\/\/jorgezanoni.com.br\/2019\/dracena-tempersul-reforca-equipe-com-adriano-gerlin\/","title":{"rendered":"Dracena Tempersul\u00a0refor\u00e7a equipe com Adriano Gerlin"},"content":{"rendered":"<p style=\"text-align: justify;\" align=\"justify\"><span>O Dracena Tempersul Futsal ganhou um refor\u00e7o de peso para a sequ\u00eancia da temporada 2021. Assume o posto de supervisor da equipe o ex-jogador de futebol Adriano &#8220;Codorninha&#8221; Gerlin.<\/span><\/p>\n<p style=\"text-align: justify;\" align=\"justify\"><span>Com mais de 15 anos de carreira profissional nos gramados, Adriano ser\u00e1 o elo entre elenco e dire\u00e7\u00e3o. Ele carrega a bagagem adquirida vestindo as camisas de Guarani, Neuchatel Xamax (SUI), Botafogo, Juventude, Am\u00e9rica (SP), S\u00e3o Paulo, Atl\u00e9tico (MG), Sport, N\u00e1utico, Bahia, Juventus (SP), Portuguesa Santista, Bragantino, CRB, Urawa Reds (JAP), Pogon (POL), Atl\u00e9tico Nacional (COL) e sele\u00e7\u00e3o brasileira de base. Seu \u00faltimo clube foi o Oeste Paulista Esporte Clube (OPEC), de Presidente Prudente, oportunidade em que dividiu o tempo nos pap\u00e9is de atleta e gestor.<\/span><\/p>\n<p style=\"text-align: justify;\" align=\"justify\">&#8220;<span style=\"color: #000000;\"><span><span lang=\"pt-BR\">A expectativa \u00e9 a melhor poss\u00edvel. O futsal do Dracena Tempersul \u00e9 muito<\/span><\/span><\/span><span>\u00a0forte, tem grandes jogadores e um excelente treinador. Chego para agregar com a experi\u00eancia conquistada ao longo dos anos e pelos lugares que tive oportunidade de atuar&#8221;, disse Adriano.<\/span><\/p>\n<p style=\"text-align: justify;\" align=\"justify\">&#8220;<span>O Adriano \u00e9 uma pessoa com larga experi\u00eancia no mundo da bola e certamente ir\u00e1 agregar ao nosso time. A adi\u00e7\u00e3o dele\u00a0<\/span><span style=\"color: #000000;\"><span><span lang=\"pt-BR\">deixa o Dracena Tempersul ainda mais forte&#8221;, salienta Lucas Batista, presidente da equipe.<\/span><\/span><\/span><\/p>\n<p style=\"text-align: justify;\" align=\"justify\"><span style=\"color: #000000;\"><span><span lang=\"pt-BR\">A estreia de Adriano em partidas oficiais ser\u00e1 na pr\u00f3xima quarta, em duelo frente ao Pulo Futsal, no gin\u00e1sio Alaor Ferrari, \u00e0s 19h, em partida v\u00e1lida pela 4\u00aa rodada da Copa LPF.<\/span><\/span><\/span><\/p>\n<p style=\"text-align: justify;\" align=\"justify\">Fonte: Assessoria de Imprensa<\/p>\n","protected":false},"excerpt":{"rendered":"<p>O Dracena Tempersul Futsal ganhou um refor\u00e7o de peso para a sequ\u00eancia da temporada 2021. Assume o posto de supervisor da equipe o ex-jogador de futebol Adriano &#8220;Codorninha&#8221; Gerlin. Com mais de 15 anos de carreira profissional nos gramados, Adriano ser\u00e1 o elo entre elenco e dire\u00e7\u00e3o. Ele carrega a bagagem adquirida vestindo as camisas [&hellip;]<\/p>\n","protected":false},"author":1,"featured_media":48298,"comment_status":"closed","ping_status":"open","sticky":false,"template":"","format":"standard","meta":{"footnotes":""},"categories":[111,110],"tags":[],"class_list":["post-48297","post","type-post","status-publish","format-standard","has-post-thumbnail","hentry","category-esporteecultura","category-noticiasdestaque"],"_links":{"self":[{"href":"https:\/\/jorgezanoni.com.br\/2019\/wp-json\/wp\/v2\/posts\/48297","targetHints":{"allow":["GET"]}}],"collection":[{"href":"https:\/\/jorgezanoni.com.br\/2019\/wp-json\/wp\/v2\/posts"}],"about":[{"href":"https:\/\/jorgezanoni.com.br\/2019\/wp-json\/wp\/v2\/types\/post"}],"author":[{"embeddable":true,"href":"https:\/\/jorgezanoni.com.br\/2019\/wp-json\/wp\/v2\/users\/1"}],"replies":[{"embeddable":true,"href":"https:\/\/jorgezanoni.com.br\/2019\/wp-json\/wp\/v2\/comments?post=48297"}],"version-history":[{"count":0,"href":"https:\/\/jorgezanoni.com.br\/2019\/wp-json\/wp\/v2\/posts\/48297\/revisions"}],"wp:featuredmedia":[{"embeddable":true,"href":"https:\/\/jorgezanoni.com.br\/2019\/wp-json\/wp\/v2\/media\/48298"}],"wp:attachment":[{"href":"https:\/\/jorgezanoni.com.br\/2019\/wp-json\/wp\/v2\/media?parent=48297"}],"wp:term":[{"taxonomy":"category","embeddable":true,"href":"https:\/\/jorgezanoni.com.br\/2019\/wp-json\/wp\/v2\/categories?post=48297"},{"taxonomy":"post_tag","embeddable":true,"href":"https:\/\/jorgezanoni.com.br\/2019\/wp-json\/wp\/v2\/tags?post=48297"}],"curies":[{"name":"wp","href":"https:\/\/api.w.org\/{rel}","templated":true}]}}