{"id":48294,"date":"2021-05-24T17:31:20","date_gmt":"2021-05-24T17:31:20","guid":{"rendered":"https:\/\/jorgezanoni.com.br\/2019\/?p=48294"},"modified":"2021-05-24T17:31:20","modified_gmt":"2021-05-24T17:31:20","slug":"vacina-covid-19-motoristas-e-cobradores-de-transportes-coletivos-municipais-e-intermunicipais-poderao-se-vacinar-a-partir-de-amanha","status":"publish","type":"post","link":"https:\/\/jorgezanoni.com.br\/2019\/vacina-covid-19-motoristas-e-cobradores-de-transportes-coletivos-municipais-e-intermunicipais-poderao-se-vacinar-a-partir-de-amanha\/","title":{"rendered":"VACINA COVID 19: Motoristas e cobradores de Transportes Coletivos Municipais e intermunicipais poder\u00e3o se vacinar a partir de amanh\u00e3"},"content":{"rendered":"<p style=\"text-align: justify;\">A Prefeitura de Dracena, atrav\u00e9s da Vigil\u00e2ncia Epidemiol\u00f3gica, informa que a partir de amanh\u00e3, 25, estar\u00e1 liberada a vacina COVID-19 aos motoristas de transportes coletivos municipais e intermunicipais de 18 a 59 anos, assim como aos cobradores (mesmos transportes e idades).<\/p>\n<p style=\"text-align: justify;\">Para ser vacinado, cada profissional precisa entrar no site\u00a0<a href=\"http:\/\/www.vacinaja.sp.gov.br\/\" target=\"_blank\" rel=\"noopener noreferrer\">www.vacinaja.sp.gov.br<\/a>, clicar no bot\u00e3o\u00a0&#8220;Profissionais de Transporte&#8221;, inserir o CPF e confirmar o pr\u00e9-cadastro.<\/p>\n<p style=\"text-align: justify;\">A valida\u00e7\u00e3o do cadastro \u00e9 feita pela empresa de transporte com o qual o profissional tem v\u00ednculo de trabalho.<\/p>\n<p style=\"text-align: justify;\">Ap\u00f3s se cadastrar e ser validado, o profissional receber\u00e1 um &#8220;QR Code&#8221; por SMS ou por e-mail, que dever\u00e1 ser apresentado no momento da imuniza\u00e7\u00e3o.<\/p>\n<p style=\"text-align: justify;\">Cada profissional receber\u00e1 a vacina no munic\u00edpio em que reside, e deve levar tamb\u00e9m RG, CPF e comprovante de resid\u00eancia nos locais de vacina\u00e7\u00e3o.<\/p>\n<p style=\"text-align: justify;\">\u00a0<strong>SERVI\u00c7O:<\/strong><\/p>\n<p style=\"text-align: justify;\">Os locais de vacina\u00e7\u00e3o em Dracena s\u00e3o: Escola Jo\u00e3o Vendramini das 8h \u00e0s 12h e, Escola CEP\/UME das 8h \u00e0s 13h, de segunda \u00e0 sexta-feira.<\/p>\n<p style=\"text-align: justify;\">Fonte: Diretoria de Comunica\u00e7\u00e3o<\/p>\n","protected":false},"excerpt":{"rendered":"<p>A Prefeitura de Dracena, atrav\u00e9s da Vigil\u00e2ncia Epidemiol\u00f3gica, informa que a partir de amanh\u00e3, 25, estar\u00e1 liberada a vacina COVID-19 aos motoristas de transportes coletivos municipais e intermunicipais de 18 a 59 anos, assim como aos cobradores (mesmos transportes e idades). Para ser vacinado, cada profissional precisa entrar no site\u00a0www.vacinaja.sp.gov.br, clicar no bot\u00e3o\u00a0&#8220;Profissionais de Transporte&#8221;, [&hellip;]<\/p>\n","protected":false},"author":1,"featured_media":48295,"comment_status":"closed","ping_status":"open","sticky":false,"template":"","format":"standard","meta":{"footnotes":""},"categories":[110,122],"tags":[],"class_list":["post-48294","post","type-post","status-publish","format-standard","has-post-thumbnail","hentry","category-noticiasdestaque","category-saudeeducacaoeconcurso"],"_links":{"self":[{"href":"https:\/\/jorgezanoni.com.br\/2019\/wp-json\/wp\/v2\/posts\/48294","targetHints":{"allow":["GET"]}}],"collection":[{"href":"https:\/\/jorgezanoni.com.br\/2019\/wp-json\/wp\/v2\/posts"}],"about":[{"href":"https:\/\/jorgezanoni.com.br\/2019\/wp-json\/wp\/v2\/types\/post"}],"author":[{"embeddable":true,"href":"https:\/\/jorgezanoni.com.br\/2019\/wp-json\/wp\/v2\/users\/1"}],"replies":[{"embeddable":true,"href":"https:\/\/jorgezanoni.com.br\/2019\/wp-json\/wp\/v2\/comments?post=48294"}],"version-history":[{"count":0,"href":"https:\/\/jorgezanoni.com.br\/2019\/wp-json\/wp\/v2\/posts\/48294\/revisions"}],"wp:featuredmedia":[{"embeddable":true,"href":"https:\/\/jorgezanoni.com.br\/2019\/wp-json\/wp\/v2\/media\/48295"}],"wp:attachment":[{"href":"https:\/\/jorgezanoni.com.br\/2019\/wp-json\/wp\/v2\/media?parent=48294"}],"wp:term":[{"taxonomy":"category","embeddable":true,"href":"https:\/\/jorgezanoni.com.br\/2019\/wp-json\/wp\/v2\/categories?post=48294"},{"taxonomy":"post_tag","embeddable":true,"href":"https:\/\/jorgezanoni.com.br\/2019\/wp-json\/wp\/v2\/tags?post=48294"}],"curies":[{"name":"wp","href":"https:\/\/api.w.org\/{rel}","templated":true}]}}